{"id":11401,"date":"2010-10-29T10:18:07","date_gmt":"2010-10-29T09:18:07","guid":{"rendered":"http:\/\/df-nyt.dk\/?p=11401"},"modified":"2024-11-20T13:44:37","modified_gmt":"2024-11-20T12:44:37","slug":"er-det-iorden-at-bruge-en-nazi-u-bads-helt-som-profilbillede","status":"publish","type":"post","link":"https:\/\/df-nyt.dk\/blog\/er-det-iorden-at-bruge-en-nazi-u-bads-helt-som-profilbillede\/","title":{"rendered":"Er det iorden at bruge en Nazi-U-B\u00e5ds-helt som profilbillede?"},"content":{"rendered":"<p><img loading=\"lazy\" decoding=\"async\" class=\"  alignnone\" src=\"https:\/\/df-nyt.dk\/\/wp-content\/uploads\/010120131750.png\" alt=\"010120131750\" width=\"290\" height=\"201\" \/><\/p>\n<p>Det er det tilsyneladende, hvis man er lokalformand i Dansk Folkeparti<\/p>\n<p>For det er ikke desto mindre det som Dansk Folkeparti lokalformand i Lyngby-Taarb\u00e6k, Dennis Bo S\u00f8rensen, har gjort.<\/p>\n<p>Billedet er fra Filmen, Das Boot, &#8211; og af \u00a0Kaptajn &#8216;Thomsen&#8217; som lige har modtaget jernkorset for sine heltegerninger i U-B\u00e5dskrigen mod de allierede i WW2.<\/p>\n<p><a href=\"https:\/\/df-nyt.dk\/?p=11343\"><span style=\"text-decoration: underline;\">Det kan du se mere om HER<\/span><\/a><\/p>\n<p><img loading=\"lazy\" decoding=\"async\" class=\"  alignnone\" src=\"https:\/\/df-nyt.dk\/\/wp-content\/uploads\/010120131803.png\" alt=\"010120131803\" width=\"263\" height=\"347\" \/><\/p>\n<p>Du kan se filmen &#8216;Das Boot&#8217; <a href=\"https:\/\/df-nyt.dk\/dansk-folkeparti-formand-pa-facebook-med-profilbillede-fra-filmen-das-boot\/\" target=\"_blank\" rel=\"noopener\"><span style=\"text-decoration: underline;\">HER<\/span><\/a><\/p>\n<p><img loading=\"lazy\" decoding=\"async\" class=\"size-full alignnone\" src=\"https:\/\/df-nyt.dk\/\/wp-content\/uploads\/281220122234.png\" alt=\"281220122234\" width=\"233\" height=\"194\" \/><\/p>\n<p>Som en mindre detalje, s\u00e5 er Dennis Bo S\u00f8rensen ogs\u00e5 formand for hjemmev\u00e6rnskompagniet Rudersdal-Aller\u00f8d.<\/p>\n<p>Naturligvis har Hjemmev\u00e6rnet ikke lov til at afvise personer med ekstreme holdninger, men n\u00e5r billedet bliver brugt i sammenh\u00e6ng med Hjemmev\u00e6rnet s\u00e5 syntes jeg egentlig at gr\u00e6nsen er n\u00e5et.<\/p>\n<p>Dog m\u00e5 jeg erkende, at jeg m\u00e5ske har en vis forst\u00e5else for at man kan opleve Farshad Kholghi som FaceBook-ven i milj\u00f8et.<\/p>\n<p>Han har lige hjulpet Sverigsdemokraterne med at vinde et valg, &#8211; og skal man holde p\u00e5 &#8216;kundekredsen&#8217; s\u00e5 m\u00e5 man, i disse arbejdsl\u00f8sheds-tider, jo v\u00e6re helt fremme i skoene for at blive en &#8216;vinder&#8217;.<\/p>\n<p>Den slags kr\u00e6ver disciplin, m\u00e5lrettet synligg\u00f8relse, vedvarende aktivitet samt aktiv kunde pleje.<\/p>\n<p>For yderlig l\u00e6sning.<\/p>\n<p><a href=\"http:\/\/tosseanstalten.wordpress.com\/2013\/08\/01\/dansk-folkepartis-byradskanditat-i-lyngby-taarbaek-sa-er-ladeporten-aben\/\" target=\"_blank\" rel=\"noopener\"><span style=\"text-decoration: underline;\">\/tosseanstalten.wordpress.com Dansk Folkepartis byr\u00e5dskanditat i Lyngby-Taarb\u00e6k \u201cS\u00e5 er ladeporten \u00e5ben\u201d<\/span><\/a><br \/>\n&nbsp;<br \/>\n<a href=\"https:\/\/df-nyt.dk\/formand-i-dansk-folkeparti-til-debatm\u00f8de-if\u00f8rt-uniform-camouflaget\u00f8j-og-store-milit\u00e6rst\u00f8vler\/\" target=\"_blank\" rel=\"noopener\"><span style=\"text-decoration: underline;\">Formand i Dansk Folkeparti til debatm\u00f8de if\u00f8rt uniform, camouflaget\u00f8j og store milit\u00e6rst\u00f8vler<\/span><\/a><br \/>\n&nbsp;<br \/>\n<a href=\"https:\/\/df-nyt.dk\/dansk-folkeparti-formand-pa-facebook-med-profilbillede-fra-filmen-das-boot\/\" target=\"_blank\" rel=\"noopener\"><span style=\"text-decoration: underline;\">Dansk Folkeparti formand p\u00e5 Facebook med profilbillede fra filmen Das Boot<\/span><\/a><br \/>\n&nbsp;<br \/>\n<a href=\"https:\/\/df-nyt.dk\/er-det-iorden-at-bruge-en-nazi-u-bads-helt-som-profilbillede\/\" target=\"_blank\" rel=\"noopener\"><span style=\"text-decoration: underline;\">Er det iorden at bruge en Nazi-U-B\u00e5ds-helt som profilbillede?<\/span><\/a><br \/>\n&nbsp;<br \/>\n<a href=\"https:\/\/df-nyt.dk\/?p=8705\"><span style=\"text-decoration: underline;\">Farshad Kholghi og Sverigedemokraterna <\/span><\/a><br \/>\n&nbsp;<br \/>\n<a href=\"https:\/\/df-nyt.dk\/?p=8879\"><span style=\"text-decoration: underline;\">Kendt skuespiller skal tale for nynazister<\/span><\/a><\/p>\n","protected":false},"excerpt":{"rendered":"<p>Det er det tilsyneladende, hvis man er lokalformand i Dansk Folkeparti For det er ikke desto mindre det som Dansk Folkeparti lokalformand i Lyngby-Taarb\u00e6k, Dennis Bo S\u00f8rensen, har gjort. Billedet er fra Filmen, Das Boot, &#8211; og af \u00a0Kaptajn &#8216;Thomsen&#8217; som lige har modtaget jernkorset for sine heltegerninger i U-B\u00e5dskrigen mod de allierede i WW2. [&hellip;]<\/p>\n","protected":false},"author":10,"featured_media":0,"comment_status":"open","ping_status":"closed","sticky":false,"template":"","format":"standard","meta":{"footnotes":""},"categories":[1],"tags":[],"class_list":["post-11401","post","type-post","status-publish","format-standard","hentry","category-df-nyt-dk"],"_links":{"self":[{"href":"https:\/\/df-nyt.dk\/blog\/wp-json\/wp\/v2\/posts\/11401","targetHints":{"allow":["GET"]}}],"collection":[{"href":"https:\/\/df-nyt.dk\/blog\/wp-json\/wp\/v2\/posts"}],"about":[{"href":"https:\/\/df-nyt.dk\/blog\/wp-json\/wp\/v2\/types\/post"}],"author":[{"embeddable":true,"href":"https:\/\/df-nyt.dk\/blog\/wp-json\/wp\/v2\/users\/10"}],"replies":[{"embeddable":true,"href":"https:\/\/df-nyt.dk\/blog\/wp-json\/wp\/v2\/comments?post=11401"}],"version-history":[{"count":2,"href":"https:\/\/df-nyt.dk\/blog\/wp-json\/wp\/v2\/posts\/11401\/revisions"}],"predecessor-version":[{"id":104287,"href":"https:\/\/df-nyt.dk\/blog\/wp-json\/wp\/v2\/posts\/11401\/revisions\/104287"}],"wp:attachment":[{"href":"https:\/\/df-nyt.dk\/blog\/wp-json\/wp\/v2\/media?parent=11401"}],"wp:term":[{"taxonomy":"category","embeddable":true,"href":"https:\/\/df-nyt.dk\/blog\/wp-json\/wp\/v2\/categories?post=11401"},{"taxonomy":"post_tag","embeddable":true,"href":"https:\/\/df-nyt.dk\/blog\/wp-json\/wp\/v2\/tags?post=11401"}],"curies":[{"name":"wp","href":"https:\/\/api.w.org\/{rel}","templated":true}]}}