{"id":11423,"date":"2010-10-29T13:25:15","date_gmt":"2010-10-29T12:25:15","guid":{"rendered":"http:\/\/df-nyt.dk\/?p=11423"},"modified":"2024-11-25T18:58:16","modified_gmt":"2024-11-25T17:58:16","slug":"sf-vil-sikre-virksomheder-der-tager-imod-virksomhedspraktikanter","status":"publish","type":"post","link":"https:\/\/df-nyt.dk\/blog\/sf-vil-sikre-virksomheder-der-tager-imod-virksomhedspraktikanter\/","title":{"rendered":"SF vil sikre virksomheder, der tager imod virksomhedspraktikanter"},"content":{"rendered":"<p><img loading=\"lazy\" decoding=\"async\" src=\"https:\/\/df-nyt.dk\/wp-content\/uploads\/291020101421.png\" alt=\"\" width=\"274\" height=\"209\" class=\"alignleft size-full \" \/><br \/>\n&nbsp;<br \/>\nSF vil sikre klare regler for forsikringsansvar i forbindelse med virksomhedspraktik.<\/p>\n<p>Det sker p\u00e5 baggrund af dagbladet BTs afd\u00e6kning af, at en arbejdsgiver st\u00e5r med regning p\u00e5 170.000 kr. efter fejl beg\u00e5et af virksomhedspraktikant. Skriver SF i sin pressemeddelelse <\/p>\n<p>\u2013og fors\u00e6tter<br \/>\nSFs Karsten H\u00f8nge, der er medlem af arbejdsmarkedsudvalget, reagerer p\u00e5 den ulykkelige situation en akvarieejer fra Ikast er havnet i efter, at hverken Ikast-Brande Kommune eller kommunens forsikringsselskab vil udbetale erstatning for tab som en virksomhedspraktikant har p\u00e5f\u00f8rt firmaet.<\/p>\n<p>Brugt p\u00e5 den rigtige m\u00e5de kan virksomhedspraktik v\u00e6re vejen til at f\u00e5 fodf\u00e6ste p\u00e5 arbejdsmarkedet.<\/p>\n<p>Men hele den ordning risikere at forsvinde, hvis ikke arbejdsgiveren har sikkerhed for at eventuelle tab bliver d\u00e6kket af den kommune, der henviser den ledige, siger Karsten H\u00f8nge.<\/p>\n<p>Jeg har i dag indkaldt besk\u00e6ftigelsesministeren i samr\u00e5d.<br \/>\nVi kan ikke leve med, at det er s\u00e5 risikabelt for arbejdsgiverne, da det vil stoppe meget af den indsats, der er i dag for at f\u00e5 flere i besk\u00e6ftigelse, siger Karsten H\u00f8nge.<\/p>\n<p>Problemet ser ud til at v\u00e6re st\u00f8rre end denne enkelte sag.<br \/>\nJeg har tidligere st\u00f8dt p\u00e5 en lignende sag fra Svendborg. <\/p>\n<p>Det er derfor tydeligt, at vi m\u00e5 kigge p\u00e5 om reglerne er de rigtige, slutter Karsten H\u00f8nge if\u00f8lge pressemeddelsen fra SF.<\/p>\n<p>For yderlig l\u00e6sning<\/p>\n<p><a href=\"https:\/\/sf.dk\/nyheder\/\" rel=\"noopener noreferrer\" target=\"_blank\"><span style=\"text-decoration: underline\">Seneste nyt fra SF<\/span><\/a><br \/>\n&nbsp;<\/p>\n","protected":false},"excerpt":{"rendered":"<p>&nbsp; SF vil sikre klare regler for forsikringsansvar i forbindelse med virksomhedspraktik. Det sker p\u00e5 baggrund af dagbladet BTs afd\u00e6kning af, at en arbejdsgiver st\u00e5r med regning p\u00e5 170.000 kr. efter fejl beg\u00e5et af virksomhedspraktikant. Skriver SF i sin pressemeddelelse \u2013og fors\u00e6tter SFs Karsten H\u00f8nge, der er medlem af arbejdsmarkedsudvalget, reagerer p\u00e5 den ulykkelige situation [&hellip;]<\/p>\n","protected":false},"author":10,"featured_media":0,"comment_status":"open","ping_status":"closed","sticky":false,"template":"","format":"standard","meta":{"footnotes":""},"categories":[1],"tags":[],"class_list":["post-11423","post","type-post","status-publish","format-standard","hentry","category-df-nyt-dk"],"_links":{"self":[{"href":"https:\/\/df-nyt.dk\/blog\/wp-json\/wp\/v2\/posts\/11423","targetHints":{"allow":["GET"]}}],"collection":[{"href":"https:\/\/df-nyt.dk\/blog\/wp-json\/wp\/v2\/posts"}],"about":[{"href":"https:\/\/df-nyt.dk\/blog\/wp-json\/wp\/v2\/types\/post"}],"author":[{"embeddable":true,"href":"https:\/\/df-nyt.dk\/blog\/wp-json\/wp\/v2\/users\/10"}],"replies":[{"embeddable":true,"href":"https:\/\/df-nyt.dk\/blog\/wp-json\/wp\/v2\/comments?post=11423"}],"version-history":[{"count":1,"href":"https:\/\/df-nyt.dk\/blog\/wp-json\/wp\/v2\/posts\/11423\/revisions"}],"predecessor-version":[{"id":107075,"href":"https:\/\/df-nyt.dk\/blog\/wp-json\/wp\/v2\/posts\/11423\/revisions\/107075"}],"wp:attachment":[{"href":"https:\/\/df-nyt.dk\/blog\/wp-json\/wp\/v2\/media?parent=11423"}],"wp:term":[{"taxonomy":"category","embeddable":true,"href":"https:\/\/df-nyt.dk\/blog\/wp-json\/wp\/v2\/categories?post=11423"},{"taxonomy":"post_tag","embeddable":true,"href":"https:\/\/df-nyt.dk\/blog\/wp-json\/wp\/v2\/tags?post=11423"}],"curies":[{"name":"wp","href":"https:\/\/api.w.org\/{rel}","templated":true}]}}