{"id":11458,"date":"2010-10-30T14:15:15","date_gmt":"2010-10-30T13:15:15","guid":{"rendered":"http:\/\/df-nyt.dk\/?p=11458"},"modified":"2018-09-19T20:57:09","modified_gmt":"2018-09-19T18:57:09","slug":"dansk-soldat-saret-af-gev%c3%a6rskud-i-afghanistan","status":"publish","type":"post","link":"https:\/\/df-nyt.dk\/blog\/dansk-soldat-saret-af-gev%c3%a6rskud-i-afghanistan\/","title":{"rendered":"Dansk Soldat s\u00e5ret af gev\u00e6rskud i Afghanistan"},"content":{"rendered":"<p><strong>AFGHANISTAN, Helmand: Tidligere i dag blev en dansk soldat s\u00e5ret af et fjendtligt gev\u00e6rskud. <\/strong><\/p>\n<p>De p\u00e5r\u00f8rende er underrettet<\/p>\n<p><strong>L\u00f8rdag eftermiddag lokal tid blev en dansk soldat s\u00e5ret.<\/strong><\/p>\n<p>Soldaten var med sin gruppe under en afsiddet patrulje i omr\u00e5det omkring Patrol Base Line, da de kom i ildkamp og soldaten blev ramt.<\/p>\n<p>Der blev ydet f\u00f8rstehj\u00e6lp af kammerater og sanitetsfolk p\u00e5 stedet, hvorefter soldaten blev evakueret med helikopter til felthospitalet i Camp Bastion.<\/p>\n<p>Soldaten var fra 2. deling Charlie &#8211; Kompagniet, der er udsendt fra Den Kongelige Livgarde.<\/p>\n<p><strong>L\u00e6s ogs\u00e5: <\/strong><\/p>\n<p><strong><a href=\"http:\/\/df-nyt.dk\/?p=11101\">N\u00e6sten 600 milit\u00e6re d\u00f8dsfald i Afghanistan i \u00e5r <\/a><\/strong><\/p>\n<p><strong><a href=\"http:\/\/df-nyt.dk\/?p=11401\">Er det iorden at bruge en Nazi-U-B\u00e5ds-helt som profilbillede?<\/a><\/strong><\/p>\n<p><strong><a href=\"http:\/\/df-nyt.dk\/?p=11329\">Muslimhader h\u00e6nger sygehusansatte ud p\u00e5 nettet<\/a><\/strong><\/p>\n<p><strong>Er Danske soldater, uniforms-fetichister, afstumpet og kvindeundertrykkende? <\/strong><\/p>\n<p><strong>*************************************************************** <\/strong><\/p>\n<p><strong> <\/strong><\/p>\n","protected":false},"excerpt":{"rendered":"<p>AFGHANISTAN, Helmand: Tidligere i dag blev en dansk soldat s\u00e5ret af et fjendtligt gev\u00e6rskud. De p\u00e5r\u00f8rende er underrettet L\u00f8rdag eftermiddag lokal tid blev en dansk soldat s\u00e5ret. Soldaten var med sin gruppe under en afsiddet patrulje i omr\u00e5det omkring Patrol Base Line, da de kom i ildkamp og soldaten blev ramt. Der blev ydet f\u00f8rstehj\u00e6lp [&hellip;]<\/p>\n","protected":false},"author":10,"featured_media":0,"comment_status":"open","ping_status":"closed","sticky":false,"template":"","format":"standard","meta":{"footnotes":""},"categories":[1],"tags":[],"class_list":["post-11458","post","type-post","status-publish","format-standard","hentry","category-df-nyt-dk"],"_links":{"self":[{"href":"https:\/\/df-nyt.dk\/blog\/wp-json\/wp\/v2\/posts\/11458","targetHints":{"allow":["GET"]}}],"collection":[{"href":"https:\/\/df-nyt.dk\/blog\/wp-json\/wp\/v2\/posts"}],"about":[{"href":"https:\/\/df-nyt.dk\/blog\/wp-json\/wp\/v2\/types\/post"}],"author":[{"embeddable":true,"href":"https:\/\/df-nyt.dk\/blog\/wp-json\/wp\/v2\/users\/10"}],"replies":[{"embeddable":true,"href":"https:\/\/df-nyt.dk\/blog\/wp-json\/wp\/v2\/comments?post=11458"}],"version-history":[{"count":1,"href":"https:\/\/df-nyt.dk\/blog\/wp-json\/wp\/v2\/posts\/11458\/revisions"}],"predecessor-version":[{"id":98439,"href":"https:\/\/df-nyt.dk\/blog\/wp-json\/wp\/v2\/posts\/11458\/revisions\/98439"}],"wp:attachment":[{"href":"https:\/\/df-nyt.dk\/blog\/wp-json\/wp\/v2\/media?parent=11458"}],"wp:term":[{"taxonomy":"category","embeddable":true,"href":"https:\/\/df-nyt.dk\/blog\/wp-json\/wp\/v2\/categories?post=11458"},{"taxonomy":"post_tag","embeddable":true,"href":"https:\/\/df-nyt.dk\/blog\/wp-json\/wp\/v2\/tags?post=11458"}],"curies":[{"name":"wp","href":"https:\/\/api.w.org\/{rel}","templated":true}]}}