{"id":11475,"date":"2010-10-30T21:37:55","date_gmt":"2010-10-30T20:37:55","guid":{"rendered":"http:\/\/df-nyt.dk\/?p=11475"},"modified":"2025-07-19T09:58:11","modified_gmt":"2025-07-19T07:58:11","slug":"%e2%80%98forkl%c3%a6dt-som-nazist-%e2%80%93-en-arhushistorie%e2%80%99-%e2%80%93-til-vejfest-med-barndommen","status":"publish","type":"post","link":"https:\/\/df-nyt.dk\/blog\/%e2%80%98forkl%c3%a6dt-som-nazist-%e2%80%93-en-arhushistorie%e2%80%99-%e2%80%93-til-vejfest-med-barndommen\/","title":{"rendered":"\u2018Forkl\u00e6dt som nazist \u2013 en \u00c5rhushistorie\u2019 \u2013 Til vejfest med &#8216;barndommen&#8217;"},"content":{"rendered":"<p><img loading=\"lazy\" decoding=\"async\" class=\"alignnone \" title=\"301020102259\" src=\"https:\/\/df-nyt.dk\/\/wp-content\/uploads\/301020102259.png\" alt=\"\" width=\"140\" height=\"202\" \/><\/p>\n<p>I Bogen \u2018Forkl\u00e6dt som nazist \u2013 en \u00c5rhushistorie\u2019 fort\u00e6ller Charlotte Johannsen, historien om en ung kvinde, der var blevet tr\u00e6t af den nazistiske vold i \u00c5rhus, og derfor valgte at infiltrere det h\u00f8jreekstreme milj\u00f8. Skriver Redox.dk<\/p>\n<p><img loading=\"lazy\" decoding=\"async\" class=\"alignnone \" title=\"261020102114\" src=\"https:\/\/df-nyt.dk\/\/wp-content\/uploads\/261020102114.png\" alt=\"\" width=\"200\" height=\"196\" \/><\/p>\n<p>Margrethe S. Hansen har skrevet om milj\u00f8et, p\u00e5 NetAvisen P77.dk\u00a0 (<span style=\"text-decoration: underline;\"><a href=\"https:\/\/p77.dk\/radikalisering\/69-radikalisering-danmark\/249-forklaedt-som-racist-pa-facebook-racisten-bjarke-jensen\">NetAvisen p77.dk\/radikalisering\/69<\/a><\/span>)<\/p>\n<p>&#8211; og radikalisering er fortsat et tema som Margrethe, skriver en del om, \u00a0(<span style=\"text-decoration: underline;\"><a href=\"https:\/\/p77.dk\/radikalisering\">Det kan du se HER<\/a><\/span>).<\/p>\n<p>Jeg har netop v\u00e6ret s\u00e5 heldig, at modtage en kopi af nogle billeder fra en anden &#8220;mulvarp&#8221; &#8211; i milj\u00f8et omkring den gruppe, som i bogen bliver omtalt som, &#8216;Barndommen&#8217;. &#8211; Dem kan du se herunder.<\/p>\n<p><img loading=\"lazy\" decoding=\"async\" class=\"alignnone \" title=\"301020102209\" src=\"https:\/\/df-nyt.dk\/\/wp-content\/uploads\/301020102209.png\" alt=\"\" width=\"200\" height=\"150\" \/><\/p>\n<p>De stammer dels, fra druk &#8211;<\/p>\n<p><img loading=\"lazy\" decoding=\"async\" class=\"alignnone \" title=\"301020102213\" src=\"https:\/\/df-nyt.dk\/\/wp-content\/uploads\/301020102213.png\" alt=\"\" width=\"202\" height=\"155\" \/><\/p>\n<p>Men ogs\u00e5 fra volds-hall\u00f8j som gruppen, der kalder sig, &#8216;Barndommen&#8217; har deltaget i.<\/p>\n<p><img loading=\"lazy\" decoding=\"async\" class=\" alignnone \" title=\"301020102216\" src=\"https:\/\/df-nyt.dk\/\/wp-content\/uploads\/301020102216.png\" alt=\"\" width=\"200\" height=\"151\" \/><\/p>\n<p><a href=\"https:\/\/df-nyt.dk\/?p=11866\" target=\"_blank\" rel=\"noopener\">L\u00e6s fx. artiklen med overskriften, Nazimuldvarp frygter for sit liv<\/a><\/p>\n<p><a href=\"https:\/\/df-nyt.dk\/?p=11270\" target=\"_blank\" rel=\"noopener\">L\u00e6s ogs\u00e5: \u2018Forkl\u00e6dt som nazist \u2013 en \u00c5rhushistorie\u2019 med relationer til webportalen, FaceBook<\/a><\/p>\n<p><a href=\"https:\/\/saxo.com\/dk\/forklaedt-som-nazist_charlotte-johannsen_epub_9788775149100#productcolumn\" target=\"_blank\" rel=\"noopener\">Du kan l\u00e6se f\u00f8rste kapitel (Klik her)<\/a><\/p>\n","protected":false},"excerpt":{"rendered":"<p>I Bogen \u2018Forkl\u00e6dt som nazist \u2013 en \u00c5rhushistorie\u2019 fort\u00e6ller Charlotte Johannsen, historien om en ung kvinde, der var blevet tr\u00e6t af den nazistiske vold i \u00c5rhus, og derfor valgte at infiltrere det h\u00f8jreekstreme milj\u00f8. Skriver Redox.dk Margrethe S. Hansen har skrevet om milj\u00f8et, p\u00e5 NetAvisen P77.dk\u00a0 (NetAvisen p77.dk\/radikalisering\/69) &#8211; og radikalisering er fortsat et tema [&hellip;]<\/p>\n","protected":false},"author":10,"featured_media":0,"comment_status":"open","ping_status":"closed","sticky":false,"template":"","format":"standard","meta":{"footnotes":""},"categories":[1],"tags":[],"class_list":["post-11475","post","type-post","status-publish","format-standard","hentry","category-df-nyt-dk"],"_links":{"self":[{"href":"https:\/\/df-nyt.dk\/blog\/wp-json\/wp\/v2\/posts\/11475","targetHints":{"allow":["GET"]}}],"collection":[{"href":"https:\/\/df-nyt.dk\/blog\/wp-json\/wp\/v2\/posts"}],"about":[{"href":"https:\/\/df-nyt.dk\/blog\/wp-json\/wp\/v2\/types\/post"}],"author":[{"embeddable":true,"href":"https:\/\/df-nyt.dk\/blog\/wp-json\/wp\/v2\/users\/10"}],"replies":[{"embeddable":true,"href":"https:\/\/df-nyt.dk\/blog\/wp-json\/wp\/v2\/comments?post=11475"}],"version-history":[{"count":4,"href":"https:\/\/df-nyt.dk\/blog\/wp-json\/wp\/v2\/posts\/11475\/revisions"}],"predecessor-version":[{"id":109201,"href":"https:\/\/df-nyt.dk\/blog\/wp-json\/wp\/v2\/posts\/11475\/revisions\/109201"}],"wp:attachment":[{"href":"https:\/\/df-nyt.dk\/blog\/wp-json\/wp\/v2\/media?parent=11475"}],"wp:term":[{"taxonomy":"category","embeddable":true,"href":"https:\/\/df-nyt.dk\/blog\/wp-json\/wp\/v2\/categories?post=11475"},{"taxonomy":"post_tag","embeddable":true,"href":"https:\/\/df-nyt.dk\/blog\/wp-json\/wp\/v2\/tags?post=11475"}],"curies":[{"name":"wp","href":"https:\/\/api.w.org\/{rel}","templated":true}]}}