{"id":11569,"date":"2010-11-01T13:41:58","date_gmt":"2010-11-01T12:41:58","guid":{"rendered":"http:\/\/df-nyt.dk\/?p=11569"},"modified":"2025-07-12T21:19:46","modified_gmt":"2025-07-12T19:19:46","slug":"socialtjek-af-eu-lovgivning","status":"publish","type":"post","link":"https:\/\/df-nyt.dk\/blog\/socialtjek-af-eu-lovgivning\/","title":{"rendered":"Socialtjek af EU-lovgivning"},"content":{"rendered":"<p>EU-kommissionen har foresl\u00e5et et socialtjek af al lovgivning, der har med det Indre Marked at g\u00f8re.<\/p>\n<p>Et positivt signal der forh\u00e5bentlig er et tegn p\u00e5, at selv de mest borgerlige kan se, at det Indre Marked ikke af sig selv sikrer social balance. Skriver SF i sin pressemeddelelse<\/p>\n<p>\u2013 og fors\u00e6tter<br \/>\nSocial dumping har vi kendt til i Danmark i nogle \u00e5r, men hidtil har man sat kikkerten for det blinde \u00f8je her i Bruxelles.<\/p>\n<p>Men nu er der m\u00e5ske land i sigte.<br \/>\nTorsdag barslede EU-kommissionen med sin l\u00e6nge ventede rapport om det Indre Marked, et papir der sparker debatten i gang om det Indre Markeds fremtid.<\/p>\n<p>I dokumentet erkender Kommissionen, at hvis det Indre Marked skal udvikle sig yderligere, bliver vi n\u00f8dt til at se p\u00e5, hvilken indvirkning det har p\u00e5 det sociale og besk\u00e6ftigelsesm\u00e6ssige omr\u00e5de.<\/p>\n<p>Hvordan p\u00e5virker EU-lovgivningen fx strejkeretten?<\/p>\n<p>Man kunne m\u00e5ske have \u00f8nsket, at Kommissionen havde formuleret sig mere offensivt og mindre uldent.<\/p>\n<p>Det er dog positivt, at selv en borgerlig-liberal Kommission er villig til at erkende, at EU-samarbejdet skal have en st\u00e6rk social forankring, og at den hidtidige udvikling har haft nogle negative konsekvenser.<\/p>\n<p>At det ikke nytter noget bare at lave lovgivning, der tilgodeser virksomheder, hvis det sker p\u00e5 bekostning af den enkelte borgers rettigheder og muligheder for eksempelvis et ordentligt arbejdsliv.<\/p>\n<p>Ideen om et socialtjek af al EU-lovgivning er kun et af 50 forslag, som Kommissionen frems\u00e6tter. L\u00e6s mere<br \/>\n\/\/ec.europa.eu\/internal_market\/smact\/docs\/single-market-act_en.pdf&#8221; <\/p>\n<p><a href=\"http:\/\/www.sf.dk\"><span style=\"text-decoration: underline;\">\/\/.sf.dk\/ seneste nyt <\/span><\/a><\/p>\n","protected":false},"excerpt":{"rendered":"<p>EU-kommissionen har foresl\u00e5et et socialtjek af al lovgivning, der har med det Indre Marked at g\u00f8re. Et positivt signal der forh\u00e5bentlig er et tegn p\u00e5, at selv de mest borgerlige kan se, at det Indre Marked ikke af sig selv sikrer social balance. Skriver SF i sin pressemeddelelse \u2013 og fors\u00e6tter Social dumping har vi [&hellip;]<\/p>\n","protected":false},"author":10,"featured_media":0,"comment_status":"open","ping_status":"closed","sticky":false,"template":"","format":"standard","meta":{"footnotes":""},"categories":[1],"tags":[],"class_list":["post-11569","post","type-post","status-publish","format-standard","hentry","category-df-nyt-dk"],"_links":{"self":[{"href":"https:\/\/df-nyt.dk\/blog\/wp-json\/wp\/v2\/posts\/11569","targetHints":{"allow":["GET"]}}],"collection":[{"href":"https:\/\/df-nyt.dk\/blog\/wp-json\/wp\/v2\/posts"}],"about":[{"href":"https:\/\/df-nyt.dk\/blog\/wp-json\/wp\/v2\/types\/post"}],"author":[{"embeddable":true,"href":"https:\/\/df-nyt.dk\/blog\/wp-json\/wp\/v2\/users\/10"}],"replies":[{"embeddable":true,"href":"https:\/\/df-nyt.dk\/blog\/wp-json\/wp\/v2\/comments?post=11569"}],"version-history":[{"count":2,"href":"https:\/\/df-nyt.dk\/blog\/wp-json\/wp\/v2\/posts\/11569\/revisions"}],"predecessor-version":[{"id":108971,"href":"https:\/\/df-nyt.dk\/blog\/wp-json\/wp\/v2\/posts\/11569\/revisions\/108971"}],"wp:attachment":[{"href":"https:\/\/df-nyt.dk\/blog\/wp-json\/wp\/v2\/media?parent=11569"}],"wp:term":[{"taxonomy":"category","embeddable":true,"href":"https:\/\/df-nyt.dk\/blog\/wp-json\/wp\/v2\/categories?post=11569"},{"taxonomy":"post_tag","embeddable":true,"href":"https:\/\/df-nyt.dk\/blog\/wp-json\/wp\/v2\/tags?post=11569"}],"curies":[{"name":"wp","href":"https:\/\/api.w.org\/{rel}","templated":true}]}}