{"id":11597,"date":"2010-11-02T14:32:20","date_gmt":"2010-11-02T13:32:20","guid":{"rendered":"http:\/\/df-nyt.dk\/?p=11597"},"modified":"2024-01-16T22:16:29","modified_gmt":"2024-01-16T21:16:29","slug":"oktober-maneds-df%e2%80%99er-er-haedret-for-sin-protest-mod-pia-kjaersgaard","status":"publish","type":"post","link":"https:\/\/df-nyt.dk\/blog\/oktober-maneds-df%e2%80%99er-er-haedret-for-sin-protest-mod-pia-kjaersgaard\/","title":{"rendered":"Oktober m\u00e5neds DF\u2019er er h\u00e6dret for sin protest mod Pia Kj\u00e6rsgaard"},"content":{"rendered":"<p><img loading=\"lazy\" decoding=\"async\" src=\"https:\/\/df-nyt.dk\/wp-content\/uploads\/130620131417.png\" alt=\"\" width=\"158\" height=\"207\" class=\"alignleft size-full \" \/><\/p>\n<p>Oktober m\u00e5neds DF&#8217;er er h\u00e6dret for sin protest mod Pia Kj\u00e6rsgaard<br \/>\nHenrik Soloy har de seneste ni \u00e5r v\u00e6ret byr\u00e5dsmedlem for Dansk Folkeparti i Albertslund Kommune og var partiets spidskandidat ved kommunalvalget i 2009. Skriver Internetavisen Jyllands-Posten <\/p>\n<p>-Og forts\u00e6tter<br \/>\n-Jeg kan ikke g\u00e5 ind for censur.<br \/>\nYtringsfriheden st\u00e5r sikret i grundloven, og den vil jeg k\u00e6mpe for.<\/p>\n<p>Det er tankev\u00e6kkende, at vi i Dansk Folkeparti nu skal til at v\u00e6re meningsdannende.<\/p>\n<p>Hvis jeg har lyst til at se al-Jazeera, s\u00e5 skal jeg have lov til det,<br \/>\nsiger Henrik Soloy til Albertslund Posten, if\u00f8lge Internetavisen-Jyllands-Posten<\/p>\n<p>DF-Nyt har valgt at h\u00e6dre Henrik Soloy med DF-Prisen,<br \/>\n-og med den f\u00f8lger titlen, Oktober m\u00e5neds DF&#8217;er 2010.\u00a0<\/p>\n<p>Reference<br \/>\nHjemmesiden \/\/jyllands-posten.dk<br \/>\nHjemmesiden \/\/Internetavisen-Jyllands-Posten-DF-top-Han-kunne-da-bare-have-sagt-det-Politik<br \/>\nHjemmesiden \/\/Albertslund-Posten<\/p>\n<p>For yderlig l\u00e6sning.\u00a0<\/p>\n<p><a href=\"https:\/\/df-nyt.dk\/?p=11573\/\" target=\"_blank\" rel=\"noopener noreferrer\"><span style=\"text-decoration: underline;\">Spidskandidat i Dansk Folkeparti, bliver l\u00f8sg\u00e6nger i protest mod Pia Kj\u00e6rsgaard<\/span><\/a><strong>\u00a0<\/strong><br \/>\n&nbsp;<\/p>\n","protected":false},"excerpt":{"rendered":"<p>Oktober m\u00e5neds DF&#8217;er er h\u00e6dret for sin protest mod Pia Kj\u00e6rsgaard Henrik Soloy har de seneste ni \u00e5r v\u00e6ret byr\u00e5dsmedlem for Dansk Folkeparti i Albertslund Kommune og var partiets spidskandidat ved kommunalvalget i 2009. Skriver Internetavisen Jyllands-Posten -Og forts\u00e6tter -Jeg kan ikke g\u00e5 ind for censur. Ytringsfriheden st\u00e5r sikret i grundloven, og den vil jeg [&hellip;]<\/p>\n","protected":false},"author":10,"featured_media":0,"comment_status":"open","ping_status":"closed","sticky":false,"template":"","format":"standard","meta":{"footnotes":""},"categories":[1],"tags":[],"class_list":["post-11597","post","type-post","status-publish","format-standard","hentry","category-df-nyt-dk"],"_links":{"self":[{"href":"https:\/\/df-nyt.dk\/blog\/wp-json\/wp\/v2\/posts\/11597","targetHints":{"allow":["GET"]}}],"collection":[{"href":"https:\/\/df-nyt.dk\/blog\/wp-json\/wp\/v2\/posts"}],"about":[{"href":"https:\/\/df-nyt.dk\/blog\/wp-json\/wp\/v2\/types\/post"}],"author":[{"embeddable":true,"href":"https:\/\/df-nyt.dk\/blog\/wp-json\/wp\/v2\/users\/10"}],"replies":[{"embeddable":true,"href":"https:\/\/df-nyt.dk\/blog\/wp-json\/wp\/v2\/comments?post=11597"}],"version-history":[{"count":1,"href":"https:\/\/df-nyt.dk\/blog\/wp-json\/wp\/v2\/posts\/11597\/revisions"}],"predecessor-version":[{"id":101515,"href":"https:\/\/df-nyt.dk\/blog\/wp-json\/wp\/v2\/posts\/11597\/revisions\/101515"}],"wp:attachment":[{"href":"https:\/\/df-nyt.dk\/blog\/wp-json\/wp\/v2\/media?parent=11597"}],"wp:term":[{"taxonomy":"category","embeddable":true,"href":"https:\/\/df-nyt.dk\/blog\/wp-json\/wp\/v2\/categories?post=11597"},{"taxonomy":"post_tag","embeddable":true,"href":"https:\/\/df-nyt.dk\/blog\/wp-json\/wp\/v2\/tags?post=11597"}],"curies":[{"name":"wp","href":"https:\/\/api.w.org\/{rel}","templated":true}]}}