{"id":11605,"date":"2010-11-02T15:22:00","date_gmt":"2010-11-02T14:22:00","guid":{"rendered":"http:\/\/df-nyt.dk\/?p=11605"},"modified":"2023-04-05T20:33:50","modified_gmt":"2023-04-05T18:33:50","slug":"trykkeselskabs-formand-i-samarbejde-med-terrororganisation","status":"publish","type":"post","link":"https:\/\/df-nyt.dk\/blog\/trykkeselskabs-formand-i-samarbejde-med-terrororganisation\/","title":{"rendered":"Trykkeselskabs-formand i samarbejde med terrororganisation"},"content":{"rendered":"<p><img loading=\"lazy\" decoding=\"async\" class=\"alignleft \" src=\"https:\/\/df-nyt.dk\/blog\/wp-content\/uploads\/0211201015201.png\" alt=\"021120101520\" width=\"250\" height=\"234\" \/><\/p>\n<p>Trykkeselskabs-formand i samarbejde med terrororganisation<\/p>\n<p>N\u00e5r Trykkefrihedsselskabets formand Lars Hedegaard og muhammedtegneren Lars Vilks holdt foredrag for f\u00e5 uger siden i USA og Canada, var det samarbejde med en kendt voldelig terrororganisation i USA.<\/p>\n<p>Research af M.S. Hansen \/Netavisen, P77.dk<\/p>\n<p>I starten af oktober tog Lars Hedegaard til USA og Canada for at holde foredrag.<\/p>\n<p>Foredragene var s\u00e6rdeles yderligg\u00e5ende selv for Lars Hedegaard, der er kommet i retten for sine udtalelser om at muslimer voldtager b\u00f8rn.<\/p>\n<p>Talernes tema var, at vi lever i en Ny Verdensorden i krig mellem muslimer og andre, hvor normal lovgivning i nogle omr\u00e5der er sat ud af kraft.<\/p>\n<p>I foredraget udtaler Lars Hedegaard blandt andet:<br \/>\n\u00bbVi lever nu i The New World Order&#8230; Vi er i krig med islam&#8230; Det her er total krig indtil en af parterne vinder eller overgiver sig\u00ab.<\/p>\n<p>Og videre: \u00bbVi skal have ret til at bev\u00e6bne os&#8230; Politikere som modarbejder os skal fjernes fra deres embede med magt&#8230; Dem som har v\u00e6ret med til at s\u00e6tte os i den situation skal straffes \u00f8konomisk og med f\u00e6ngsel\u00ab.<\/p>\n<p>Skrive Christian Rask p\u00e5 Netavisen, P77.dk &#8211;\u00a0<span style=\"text-decoration: underline;\"><a href=\"http:\/\/p77.dk\/radikalisering\/69-radikalisering-danmark\/337-trykkeselskabs-formand-i-samarbejde-med-terrororganisation\" target=\"_blank\" rel=\"noopener\">L\u00e6s mere p\u00e5 Netavisen, P77.dk<\/a><\/span><\/p>\n<p><img loading=\"lazy\" decoding=\"async\" class=\"alignleft size-full \" src=\"https:\/\/df-nyt.dk\/blog\/wp-content\/uploads\/0211201016361.png\" alt=\"021120101636\" width=\"199\" height=\"298\" \/>Og &#8211; Hvad er det s\u00e5 for en organisation, som P77 skriver at Trykkefrihedsselskabets formand Lars Hedegaard samarbejder med?<\/p>\n<p>P\u00e5 <a href=\"http:\/\/p77.dk\/radikalisering\/69-radikalisering-danmark\/337-trykkeselskabs-formand-i-samarbejde-med-terrororganisation\">Netavisen, P77.dk <\/a> &#8211; i artiklen &#8216;<a href=\"http:\/\/p77.dk\/radikalisering\/69-radikalisering-danmark\/337-trykkeselskabs-formand-i-samarbejde-med-terrororganisation\">Trykkeselskabs-formand i samarbejde med terrororganisation<\/a>&#8216; n\u00e6vnes nogle af dens aktiviteter i USA, &#8211; men organisationen har ogs\u00e5 v\u00e6ret aktiv i Europa.<\/p>\n<p>S\u00e5ledes kan n\u00e6vnes, at der i 2009. blev anholdt fire medlemmer af Den J\u00f8diske Forsvarsliga\/Jewish Defense League (JDL) i forbindelse med et angreb p\u00e5 en boghandel i Paris.<\/p>\n<p>Bev\u00e6bnet med stokke og flasker med olie stormede maskerede m\u00e6nd en boghandel.<\/p>\n<p>De smadrede computere og kasseapparatet, rev b\u00f8ger ned fra v\u00e6ggene og h\u00e6ldte olie ud p\u00e5 gulvet. Kilde: \/\/b.dk\/verden\/joediske-ekstremister-anholdt-i-paris&#8221; \/berlinske.dk<\/p>\n<p>Ligaen blev dannet i 1968 af en radikal amerikansk rabbiner Rabbi Kahane (Billedet), og havde som m\u00e5l at beskytte j\u00f8der mod antisemitisme.<\/p>\n<p>P\u00e5 Jewish Defense League (JDL) hjemmeside, har man kunnet finde link til Lars Hedegaards gode ven Ned May, som driver hjemmesiden \u00a0<a href=\"http:\/\/gatesofvienna.blogspot.com\/\" target=\"_blank\" rel=\"noopener\">Gates of Vienna<\/a>\u00a0 under navnet &#8216;Baron Bodissey&#8217;.<\/p>\n<p>&#8216;Ned May er ops\u00f8gende koordinator i &#8216;International Free Press Society&#8217;, en slags kopi af Trykkefrihedsselskabet.<\/p>\n<p><img loading=\"lazy\" decoding=\"async\" class=\"aligncenter size-full \" src=\"https:\/\/df-nyt.dk\/blog\/wp-content\/uploads\/0211201016161.png\" alt=\"021120101616\" width=\"341\" height=\"318\" \/><\/p>\n<p>For yderlig l\u00e6sning.<\/p>\n<p><a href=\"http:\/\/df-nyt.dk\/?p=11704\" target=\"_blank\" rel=\"noopener\"><span style=\"text-decoration: underline;\">Netavisen, P77.dk &#8211; Trykkefrihedsselskabet samarbejder med terrorister<\/span><\/a><\/p>\n<p><a href=\"http:\/\/df-nyt.dk\/?p=11719\" target=\"_blank\" rel=\"noopener\"><span style=\"text-decoration: underline;\">Eksperter advarer mod Jewish Defence League<\/span><\/a><\/p>\n","protected":false},"excerpt":{"rendered":"<p>Trykkeselskabs-formand i samarbejde med terrororganisation N\u00e5r Trykkefrihedsselskabets formand Lars Hedegaard og muhammedtegneren Lars Vilks holdt foredrag for f\u00e5 uger siden i USA og Canada, var det samarbejde med en kendt voldelig terrororganisation i USA. Research af M.S. Hansen \/Netavisen, P77.dk I starten af oktober tog Lars Hedegaard til USA og Canada for at holde foredrag. [&hellip;]<\/p>\n","protected":false},"author":10,"featured_media":0,"comment_status":"open","ping_status":"closed","sticky":false,"template":"","format":"standard","meta":{"footnotes":""},"categories":[1],"tags":[],"class_list":["post-11605","post","type-post","status-publish","format-standard","hentry","category-df-nyt-dk"],"_links":{"self":[{"href":"https:\/\/df-nyt.dk\/blog\/wp-json\/wp\/v2\/posts\/11605","targetHints":{"allow":["GET"]}}],"collection":[{"href":"https:\/\/df-nyt.dk\/blog\/wp-json\/wp\/v2\/posts"}],"about":[{"href":"https:\/\/df-nyt.dk\/blog\/wp-json\/wp\/v2\/types\/post"}],"author":[{"embeddable":true,"href":"https:\/\/df-nyt.dk\/blog\/wp-json\/wp\/v2\/users\/10"}],"replies":[{"embeddable":true,"href":"https:\/\/df-nyt.dk\/blog\/wp-json\/wp\/v2\/comments?post=11605"}],"version-history":[{"count":6,"href":"https:\/\/df-nyt.dk\/blog\/wp-json\/wp\/v2\/posts\/11605\/revisions"}],"predecessor-version":[{"id":99279,"href":"https:\/\/df-nyt.dk\/blog\/wp-json\/wp\/v2\/posts\/11605\/revisions\/99279"}],"wp:attachment":[{"href":"https:\/\/df-nyt.dk\/blog\/wp-json\/wp\/v2\/media?parent=11605"}],"wp:term":[{"taxonomy":"category","embeddable":true,"href":"https:\/\/df-nyt.dk\/blog\/wp-json\/wp\/v2\/categories?post=11605"},{"taxonomy":"post_tag","embeddable":true,"href":"https:\/\/df-nyt.dk\/blog\/wp-json\/wp\/v2\/tags?post=11605"}],"curies":[{"name":"wp","href":"https:\/\/api.w.org\/{rel}","templated":true}]}}