{"id":11642,"date":"2010-11-02T21:41:36","date_gmt":"2010-11-02T20:41:36","guid":{"rendered":"http:\/\/df-nyt.dk\/?p=11642"},"modified":"2024-01-16T14:47:54","modified_gmt":"2024-01-16T13:47:54","slug":"fiasko-for-privat-jobcenter","status":"publish","type":"post","link":"https:\/\/df-nyt.dk\/blog\/fiasko-for-privat-jobcenter\/","title":{"rendered":"Fiasko for privat jobcenter"},"content":{"rendered":"<p>Et fors\u00f8g med et privat jobcenter i K\u00f8ge blev en fuser.<br \/>\nDer kom ikke flere i arbejde, og kommunen sparede ingen penge.<\/p>\n<p>S\u00e5 kontant lyder konklusionen p\u00e5 et fors\u00f8g med et privat jobcenter i K\u00f8ge, som AKF har evalueret.<\/p>\n<p>K\u00f8ge Kommune hyrede i 2008 en private jobakt\u00f8r som skulle overtage besk\u00e6ftigelses-indsatsen for halvdelen af kommunens ledige.<\/p>\n<p>M\u00e5let var at f\u00e5 flere borgere i job og oven i k\u00f8bet spare penge.<\/p>\n<p>Men s\u00e5dan gik det ikke.<br \/>\nIntet kommer af ingenting, undtagen lommeuld \/\/storm P.<\/p>\n<p>Vi m\u00e5 nok konstatere, at det er m\u00e6ngden af udbudte arbejdspladser som s\u00e6tter gr\u00e6nser for hvor mange der kommer i arbejde.<\/p>\n<p>Det burde v\u00e6re logik for perleh\u00f8ns &#8211;<br \/>\nmen vi m\u00e5 samtidigt ogs\u00e5 erkende at dem er der ikke ansat ret mange af p\u00e5 jobcentrene.<\/p>\n<p>M\u00e5ske var det en ide som K\u00f8ge skulle pr\u00f8ve af &#8211;<br \/>\ni stedet for at bruge mennesker som fors\u00f8gsdyr.<\/p>\n<p>Reference<br \/>\n\/\/danskekommuner.dk \/Nyhedsarkiv\/2010\/november\/02\/Privat-jobcenter-blev-en-fiasko\/Danske Kommuners nyhedsmagasin. <\/p>\n<p>For yderlig l\u00e6sning<\/p>\n<p><a href=\"https:\/\/df-nyt.dk\/?p=7526\/\" target=\"_blank\" rel=\"noopener noreferrer\"><span style=\"text-decoration: underline\">Hundredevis af ansatte bliver fyret i K\u00f8ge<\/span><\/a><br \/>\n&nbsp;<\/p>\n","protected":false},"excerpt":{"rendered":"<p>Et fors\u00f8g med et privat jobcenter i K\u00f8ge blev en fuser. Der kom ikke flere i arbejde, og kommunen sparede ingen penge. S\u00e5 kontant lyder konklusionen p\u00e5 et fors\u00f8g med et privat jobcenter i K\u00f8ge, som AKF har evalueret. K\u00f8ge Kommune hyrede i 2008 en private jobakt\u00f8r som skulle overtage besk\u00e6ftigelses-indsatsen for halvdelen af kommunens [&hellip;]<\/p>\n","protected":false},"author":10,"featured_media":0,"comment_status":"open","ping_status":"closed","sticky":false,"template":"","format":"standard","meta":{"footnotes":""},"categories":[1],"tags":[],"class_list":["post-11642","post","type-post","status-publish","format-standard","hentry","category-df-nyt-dk"],"_links":{"self":[{"href":"https:\/\/df-nyt.dk\/blog\/wp-json\/wp\/v2\/posts\/11642","targetHints":{"allow":["GET"]}}],"collection":[{"href":"https:\/\/df-nyt.dk\/blog\/wp-json\/wp\/v2\/posts"}],"about":[{"href":"https:\/\/df-nyt.dk\/blog\/wp-json\/wp\/v2\/types\/post"}],"author":[{"embeddable":true,"href":"https:\/\/df-nyt.dk\/blog\/wp-json\/wp\/v2\/users\/10"}],"replies":[{"embeddable":true,"href":"https:\/\/df-nyt.dk\/blog\/wp-json\/wp\/v2\/comments?post=11642"}],"version-history":[{"count":1,"href":"https:\/\/df-nyt.dk\/blog\/wp-json\/wp\/v2\/posts\/11642\/revisions"}],"predecessor-version":[{"id":101452,"href":"https:\/\/df-nyt.dk\/blog\/wp-json\/wp\/v2\/posts\/11642\/revisions\/101452"}],"wp:attachment":[{"href":"https:\/\/df-nyt.dk\/blog\/wp-json\/wp\/v2\/media?parent=11642"}],"wp:term":[{"taxonomy":"category","embeddable":true,"href":"https:\/\/df-nyt.dk\/blog\/wp-json\/wp\/v2\/categories?post=11642"},{"taxonomy":"post_tag","embeddable":true,"href":"https:\/\/df-nyt.dk\/blog\/wp-json\/wp\/v2\/tags?post=11642"}],"curies":[{"name":"wp","href":"https:\/\/api.w.org\/{rel}","templated":true}]}}