{"id":11655,"date":"2010-11-03T15:36:10","date_gmt":"2010-11-03T14:36:10","guid":{"rendered":"http:\/\/df-nyt.dk\/?p=11655"},"modified":"2026-01-17T23:52:00","modified_gmt":"2026-01-17T22:52:00","slug":"sf-stop-kommunal-rabat-til-gule-fagforeninger","status":"publish","type":"post","link":"https:\/\/df-nyt.dk\/blog\/sf-stop-kommunal-rabat-til-gule-fagforeninger\/","title":{"rendered":"SF: Stop kommunal rabat til gule fagforeninger"},"content":{"rendered":"<p><img loading=\"lazy\" decoding=\"async\" class=\" alignleft\" title=\"031120101535\" src=\"https:\/\/df-nyt.dk\/\/wp-content\/uploads\/031120101535.png\" alt=\"\" width=\"221\" height=\"163\" \/><\/p>\n<p>Det kan ikke v\u00e6re en kommunal opgave at favorisere de s\u00e5kaldte discountfagforeninger gennem rabatordninger, siger SFs arbejdsmarkedsordf\u00f8rer Eigil Andersen, der nu g\u00e5r til besk\u00e6ftigelsesminister Inger St\u00f8jberg, Skriver SF i sin pressemeddelelse<\/p>\n<p>-og forts\u00e6tter<br \/>\nSF opfordrer kommunerne til at stoppe med at tilbyde rabat for gule fagforeninger.<\/p>\n<p>Bl.a. Aller\u00f8d, Mariagerfjord og Odense kommuner tilbyder deres ansatte tre m\u00e5neders gratis medlemskab og en gave p\u00e5 500 kr. hvis de melder sig ind i Det faglige Hus i stedet for en almindelig fagforening, skriver nyhedsbrevet 3F.<\/p>\n<p>Den danske arbejdsmarkedsmodel bygger p\u00e5, at vi har en st\u00e6rk enheds-fagbev\u00e6gelse, som sikrer overenskomster og anst\u00e6ndige l\u00f8nninger.<\/p>\n<p>Det kan ikke v\u00e6re en kommunal opgave at undergrave dette udm\u00e6rkede system.<\/p>\n<p>Skr\u00e6mmebilledet er Frankrig, hvor der er flere konkurrerende fagforeninger, som i tidens l\u00f8b har medvirket til stor uro p\u00e5 arbejdsmarkedet med mange strejker.<\/p>\n<p>Det kan hverken samfundet eller l\u00f8nmodtagerne v\u00e6re interesseret i, siger SF\u2019s arbejdsmarkedsordf\u00f8rer Eigil Andersen.<\/p>\n<p>Selv besk\u00e6ftigelsesminister Inger St\u00f8jberg roser ved h\u00f8jtidelige lejligheder den danske arbejdsmarkedsmodel.<\/p>\n<p>Derfor vil jeg nu sp\u00f8rge hende, om hun er enig i, at det sv\u00e6kker stabiliteten og den danske arbejdsmarkedsmodel, at offentlige myndigheder som kommuner tilbyder rabat p\u00e5 de gule foreninger, siger SFeren<\/p>\n<p>For yderlig l\u00e6sning<\/p>\n<p><a href=\"http:\/\/sf.dk\/\" target=\"_blank\" rel=\"noopener noreferrer\"><span style=\"text-decoration: underline;\">Seneste nyt fra SF<\/span><\/a><\/p>\n","protected":false},"excerpt":{"rendered":"<p>Det kan ikke v\u00e6re en kommunal opgave at favorisere de s\u00e5kaldte discountfagforeninger gennem rabatordninger, siger SFs arbejdsmarkedsordf\u00f8rer Eigil Andersen, der nu g\u00e5r til besk\u00e6ftigelsesminister Inger St\u00f8jberg, Skriver SF i sin pressemeddelelse -og forts\u00e6tter SF opfordrer kommunerne til at stoppe med at tilbyde rabat for gule fagforeninger. Bl.a. Aller\u00f8d, Mariagerfjord og Odense kommuner tilbyder deres ansatte [&hellip;]<\/p>\n","protected":false},"author":10,"featured_media":0,"comment_status":"open","ping_status":"closed","sticky":false,"template":"","format":"standard","meta":{"footnotes":""},"categories":[1],"tags":[],"class_list":["post-11655","post","type-post","status-publish","format-standard","hentry","category-df-nyt-dk"],"_links":{"self":[{"href":"https:\/\/df-nyt.dk\/blog\/wp-json\/wp\/v2\/posts\/11655","targetHints":{"allow":["GET"]}}],"collection":[{"href":"https:\/\/df-nyt.dk\/blog\/wp-json\/wp\/v2\/posts"}],"about":[{"href":"https:\/\/df-nyt.dk\/blog\/wp-json\/wp\/v2\/types\/post"}],"author":[{"embeddable":true,"href":"https:\/\/df-nyt.dk\/blog\/wp-json\/wp\/v2\/users\/10"}],"replies":[{"embeddable":true,"href":"https:\/\/df-nyt.dk\/blog\/wp-json\/wp\/v2\/comments?post=11655"}],"version-history":[{"count":3,"href":"https:\/\/df-nyt.dk\/blog\/wp-json\/wp\/v2\/posts\/11655\/revisions"}],"predecessor-version":[{"id":111409,"href":"https:\/\/df-nyt.dk\/blog\/wp-json\/wp\/v2\/posts\/11655\/revisions\/111409"}],"wp:attachment":[{"href":"https:\/\/df-nyt.dk\/blog\/wp-json\/wp\/v2\/media?parent=11655"}],"wp:term":[{"taxonomy":"category","embeddable":true,"href":"https:\/\/df-nyt.dk\/blog\/wp-json\/wp\/v2\/categories?post=11655"},{"taxonomy":"post_tag","embeddable":true,"href":"https:\/\/df-nyt.dk\/blog\/wp-json\/wp\/v2\/tags?post=11655"}],"curies":[{"name":"wp","href":"https:\/\/api.w.org\/{rel}","templated":true}]}}