{"id":11660,"date":"2010-11-03T20:06:14","date_gmt":"2010-11-03T19:06:14","guid":{"rendered":"http:\/\/df-nyt.dk\/?p=11660"},"modified":"2016-09-16T15:59:33","modified_gmt":"2016-09-16T13:59:33","slug":"prisvinder-udstiller-regeringens-hykleri-i-et-abent-brev","status":"publish","type":"post","link":"https:\/\/df-nyt.dk\/blog\/prisvinder-udstiller-regeringens-hykleri-i-et-abent-brev\/","title":{"rendered":"Prisvinder udstiller Dansk folkeparti og regeringens hykleri i et \u00e5bent brev"},"content":{"rendered":"<p><a href=\"https:\/\/df-nyt.dk\/blog\/wp-content\/uploads\/0311201020321.png\"><img loading=\"lazy\" decoding=\"async\" class=\"aligncenter size-full wp-image-45593\" src=\"https:\/\/df-nyt.dk\/blog\/wp-content\/uploads\/0311201020321.png\" alt=\"031120102032\" width=\"247\" height=\"194\" \/><\/a><\/p>\n<p>Prisvinder udstiller Dansk folkeparti og regeringens hykleri i et \u00e5bent brev<\/p>\n<p>Med deltagelse af blandt andre integrationsminister Birthe R\u00f8nn-Hornbech og Kronprinsesse Mary var Nahid Yazdanyar inviteret til en festlighed i Cirkusbygningen hvor hun skulle modtage en integrationspris i dag.<\/p>\n<p><a href=\"https:\/\/df-nyt.dk\/blog\/wp-content\/uploads\/0311201023531.png\"><img loading=\"lazy\" decoding=\"async\" class=\"alignleft size-full wp-image-45592\" src=\"https:\/\/df-nyt.dk\/blog\/wp-content\/uploads\/0311201023531.png\" alt=\"031120102353\" width=\"186\" height=\"279\" \/><\/a><\/p>\n<p><strong>Men Nahid Yazdanyar sagde fra, &#8211; og sendte i stedet et \u00e5bne brev.<\/strong><\/p>\n<p>Det ser du herunder.<\/p>\n<p><strong>Til: Integrationsministeren, Birthe R\u00f8nn Hornbech<\/strong><\/p>\n<p>Jeg har f\u00e5et at vide, at jeg er blandt de nominerede til Integrationsministeriets Integrationspris.<\/p>\n<p>Jeg og de andre nominerede f\u00e5r endda lov til at sidde ved dit bord og blive fotograferet sammen med dig, n\u00e5r begivenheden finder sted i Cirkusbygningen d. 2. november.<\/p>\n<p>Og s\u00e5 kan vi lade, som om vi alle sammen er glade og tilfredse med integrationen og integrationspolitik i Danmark!<\/p>\n<p>Jeg er glad for og stolt af, at nogle af dem, som kender os og f\u00f8lger vores arbejde p\u00e5 t\u00e6t hold, har indstillet mig og min kollega til prisen.<\/p>\n<p>Jeg s\u00e6tter stor pris p\u00e5, at de p\u00e5 den m\u00e5de har vist os deres tillid og anerkendelse og har understreget, at det som vi str\u00e6ber efter i vores arbejde, er det rigtige. Det varmer virkelig mit hjerte.<\/p>\n<p>Jeg er desuden glad for, at jeg og min kollega, som ogs\u00e5 har en anden etnisk baggrund end dansk, for en gangs skyld har \u201dden rigtige\u201d baggrund til at f\u00e5 en pris i stedet for at blive sk\u00e6ldt ud p\u00e5 af politikerne og ministre, netop pga. vores baggrund!<\/p>\n<p>Men jeg kan desv\u00e6rre ikke v\u00e6re med til dette dobbeltspil, hvor I fra den ene side uddeler priser for de gode indsatser for integrationen og fra den anden side forhindrer os, som arbejder med integrationen i at kunne udf\u00f8re et ordentligt stykke arbejde.<\/p>\n<p>Hvordan kan vi tale om integration, n\u00e5r mange af de folk, som skal \u201dintegreres\u201d hver eneste dag m\u00f8des med mistillid og mist\u00e6nkeligg\u00f8relse og bliver stemplet som en gruppe uduelige mennesker, som kun er ude p\u00e5 at snyde samfundet, og derfor skal straffes, sanktioneres og smides ud af landet!<\/p>\n<p>Jeg taler p\u00e5 vegne af bl.a. den unge h\u00f8jgravide kvinde fra Akacieparken, som for 1\u00bd \u00e5r siden blev smidt ud af Danmark med sine to sm\u00e5 b\u00f8rn, med den begrundelse, at hun ikke havde nok tilknytning til landet!<\/p>\n<p>Hun var godt i gang med at l\u00e6re sproget. Hendes datter havde lige f\u00e5et en plads i en vuggestue. Hendes mand var stolt af sin familie og arbejdede h\u00e5rdt for at fors\u00f8rge dem. Han var en af vores ressoursest\u00e6rke beboere, som deltog frivilligt i beboerarbejdet i Akacieparken. Men i dag bor den unge kvinde og hendes 3 sm\u00e5 b\u00f8rn i en landsby i Pakistan, hendes mand er fuldst\u00e6ndig \u00f8delagt. Han skal rejse frem og tilbage for at s\u00f8rge for sin families sikkerhed dernede.<\/p>\n<p>Jeg taler p\u00e5 vegne af alle de mennesker, som f\u00f8ler sig udenfor samfundet, selv om de betragter sig selv som danske borgere. Jeg m\u00f8der dem hver dag og kan se hvordan det \u00f8del\u00e6gger deres integritet og udvikling, n\u00e5r de oplever, at de uanset hvem de er, bliver betragtet som en ensartet gruppe som skal st\u00e5 til regnskab og skal finde sig i gruppeafstraffelse via stramninger og s\u00e6rlove og regler. De skal alle sammen betale prisen, n\u00e5r nogen beg\u00e5r kriminalitet og tilf\u00e6ldigvis har samme etniske baggrund eller n\u00e5r politikernes integrationspolitik g\u00e5r galt!<\/p>\n<p>Mange af disse mennesker vil jo gerne tjene deres egne penge, bo et godt sted i stedet for i ghettoer. De dr\u00f8mmer ogs\u00e5 om at k\u00f8be deres egen bolig. Langt de fleste af dem ville gerne sende deres b\u00f8rn til de skoler og institutioner, hvor de bedre kunne l\u00e6re dansk og hvor de fik mulighed for at tage en uddannelse i stedet for at havne i kriminalitet eller tilslutte sig de ekstreme religi\u00f8se grupper, eller i det bedste fald n\u00f8jes med de lavtl\u00f8nnede ufagl\u00e6rte jobs.<\/p>\n<p>De er jo ogs\u00e5 for\u00e6ldre, som vil det bedste for deres b\u00f8rn og unge. De har ikke brug for at blive nedgjort, udh\u00e6ngt og chikaneret af systemet, for at n\u00e5 de m\u00e5l. De har behov for et reelt valg. De familier der har problemer med at h\u00e5ndtere deres for\u00e6ldreansvar, skal hj\u00e6lpes med at f\u00e5 bedre kendskab til deres b\u00f8rns muligheder. De skal hj\u00e6lpes med at f\u00e5 flere redskaber til at kunne st\u00f8tte deres b\u00f8rn, og det g\u00e6lder selv sagt alle for\u00e6ldre med disse problemer.<\/p>\n<p>Det er det som jeg og mange andre str\u00e6ber efter i vores arbejde. Men vi, b\u00e5de os medarbejdere og de mennesker, som integrationen drejer sig om, bliver hele tiden stoppet i denne proces. I stedet for at give dem et reelt valg, bliver mange af dem truet af de nye stramninger. I stedet for at koncentrere sig om integration af sig selv og sine b\u00f8rn, bekymrer langt de fleste af vores borgere sig om de basale ting som opholdstilladelse, \u00f8konomi og bolig, som ikke er i orden.<\/p>\n<p>Jeg finder ikke prisuddelingen i overensstemmelse med jeres politik.<\/p>\n<p>Jeg opfatter prisuddelingen som en retf\u00e6rdigg\u00f8relse af jeres udl\u00e6ndingepolitik, som rammer de mennesker, jeg arbejder med og integrationen drejer sig om. Derfor har jeg ikke lyst til at deltage i prisoverr\u00e6kkelsen og dermed v\u00e6re med til at underst\u00f8tte jeres ekskluderende politik.<\/p>\n<p>Med venlig hilsen<br \/>\nNahid Riazi Yazdanyar<br \/>\nEn af nominerede til integrationsprisen 2010<\/p>\n","protected":false},"excerpt":{"rendered":"<p>Prisvinder udstiller Dansk folkeparti og regeringens hykleri i et \u00e5bent brev Med deltagelse af blandt andre integrationsminister Birthe R\u00f8nn-Hornbech og Kronprinsesse Mary var Nahid Yazdanyar inviteret til en festlighed i Cirkusbygningen hvor hun skulle modtage en integrationspris i dag. Men Nahid Yazdanyar sagde fra, &#8211; og sendte i stedet et \u00e5bne brev. Det ser du [&hellip;]<\/p>\n","protected":false},"author":10,"featured_media":0,"comment_status":"open","ping_status":"closed","sticky":false,"template":"","format":"standard","meta":{"footnotes":""},"categories":[1],"tags":[],"class_list":["post-11660","post","type-post","status-publish","format-standard","hentry","category-df-nyt-dk"],"_links":{"self":[{"href":"https:\/\/df-nyt.dk\/blog\/wp-json\/wp\/v2\/posts\/11660","targetHints":{"allow":["GET"]}}],"collection":[{"href":"https:\/\/df-nyt.dk\/blog\/wp-json\/wp\/v2\/posts"}],"about":[{"href":"https:\/\/df-nyt.dk\/blog\/wp-json\/wp\/v2\/types\/post"}],"author":[{"embeddable":true,"href":"https:\/\/df-nyt.dk\/blog\/wp-json\/wp\/v2\/users\/10"}],"replies":[{"embeddable":true,"href":"https:\/\/df-nyt.dk\/blog\/wp-json\/wp\/v2\/comments?post=11660"}],"version-history":[{"count":0,"href":"https:\/\/df-nyt.dk\/blog\/wp-json\/wp\/v2\/posts\/11660\/revisions"}],"wp:attachment":[{"href":"https:\/\/df-nyt.dk\/blog\/wp-json\/wp\/v2\/media?parent=11660"}],"wp:term":[{"taxonomy":"category","embeddable":true,"href":"https:\/\/df-nyt.dk\/blog\/wp-json\/wp\/v2\/categories?post=11660"},{"taxonomy":"post_tag","embeddable":true,"href":"https:\/\/df-nyt.dk\/blog\/wp-json\/wp\/v2\/tags?post=11660"}],"curies":[{"name":"wp","href":"https:\/\/api.w.org\/{rel}","templated":true}]}}