{"id":11680,"date":"2010-11-04T13:50:50","date_gmt":"2010-11-04T12:50:50","guid":{"rendered":"http:\/\/df-nyt.dk\/?p=11680"},"modified":"2018-01-28T21:08:40","modified_gmt":"2018-01-28T20:08:40","slug":"sf-regeringens-lovforslag-om-tabt-arbejdsfortjeneste-er-kaempe-selvmal","status":"publish","type":"post","link":"https:\/\/df-nyt.dk\/blog\/sf-regeringens-lovforslag-om-tabt-arbejdsfortjeneste-er-kaempe-selvmal\/","title":{"rendered":"SF: Regeringens lovforslag om tabt arbejdsfortjeneste er k\u00e6mpe selvm\u00e5l"},"content":{"rendered":"<p><strong>Regeringens store sparekniv rammer nu ogs\u00e5 de syge og handicappede b\u00f8rn.<\/strong><\/p>\n<p>Skriver SF i en pressemeddelse &#8211; Og forts\u00e6tter med f\u00f8lgende.<\/p>\n<p><strong>I dag f\u00f8rstebehandles et lovforslag i Folketinget, der l\u00e6gger loft over tabt arbejdsfortjeneste.<\/strong><\/p>\n<p>Det betyder, at de for\u00e6ldre, der er n\u00f8dsaget til at passe deres handicappede barn hjemme, skal leve for 19.613 kr. f\u00f8r skat om m\u00e5neden.<\/p>\n<p>SF\u2019s handicapordf\u00f8rer Anne Baastrup er dybt bekymret over de store konsekvenser, som lovforslaget vil medf\u00f8re for de ber\u00f8rte familier, og forventer samtidig, at det bliver en dyr omgang for kommunerne.<\/p>\n<p>\u201dLovforslaget er helt hen i vejret.<\/p>\n<p>Alle eksperter og organisationer peger p\u00e5, at regeringen har regnet forkert.<\/p>\n<p>Nok bliver det en besparelse, hvis man s\u00e6tter udbetalingerne ned, men i sidste ende tvinger det flere familier til at sende deres b\u00f8rn i de meget dyre dag- eller d\u00f8gntilbud, og det vil give kommunerne en stor ekstraregning,\u201d udtaler Anne Baastrup og forts\u00e6tter:<\/p>\n<p>\u201dDenne gang er regeringen g\u00e5et for vidt. Selvom vi har en \u00f8konomisk krise, skal der stadig v\u00e6re r\u00e5d til samfundets mest s\u00e5rbare familier.<\/p>\n<p>Familier med et handicappet eller alvorligt sygt barn bliver jo ogs\u00e5 ramt af alle de andre tiltag i Genopretningsplanen, som fx loft over b\u00f8rnepengene og forkortelsen af dagpenge-perioden,\u201d p\u00e5peger handicapordf\u00f8reren.<\/p>\n<p><strong> \u201dFaktum er, at Regeringen har prioriteret skattelettelser til de rigeste, mens det nu er de handicappede og alvorligt syge b\u00f8rn, der skal betale regningen,\u201d slutter Anne Baastrup, if\u00f8lge en pressemeddelse fra SF.<\/strong><\/p>\n<p><a href=\"http:\/\/www.sf.dk\/\"><span style=\"text-decoration: underline;\"><strong>L\u00e6s seneste nyt fra SF \u2013 HER<\/strong><\/span><\/a><\/p>\n<p>&nbsp;<\/p>\n","protected":false},"excerpt":{"rendered":"<p>Regeringens store sparekniv rammer nu ogs\u00e5 de syge og handicappede b\u00f8rn. Skriver SF i en pressemeddelse &#8211; Og forts\u00e6tter med f\u00f8lgende. I dag f\u00f8rstebehandles et lovforslag i Folketinget, der l\u00e6gger loft over tabt arbejdsfortjeneste. Det betyder, at de for\u00e6ldre, der er n\u00f8dsaget til at passe deres handicappede barn hjemme, skal leve for 19.613 kr. f\u00f8r [&hellip;]<\/p>\n","protected":false},"author":10,"featured_media":0,"comment_status":"open","ping_status":"closed","sticky":false,"template":"","format":"standard","meta":{"footnotes":""},"categories":[1],"tags":[],"class_list":["post-11680","post","type-post","status-publish","format-standard","hentry","category-df-nyt-dk"],"_links":{"self":[{"href":"https:\/\/df-nyt.dk\/blog\/wp-json\/wp\/v2\/posts\/11680","targetHints":{"allow":["GET"]}}],"collection":[{"href":"https:\/\/df-nyt.dk\/blog\/wp-json\/wp\/v2\/posts"}],"about":[{"href":"https:\/\/df-nyt.dk\/blog\/wp-json\/wp\/v2\/types\/post"}],"author":[{"embeddable":true,"href":"https:\/\/df-nyt.dk\/blog\/wp-json\/wp\/v2\/users\/10"}],"replies":[{"embeddable":true,"href":"https:\/\/df-nyt.dk\/blog\/wp-json\/wp\/v2\/comments?post=11680"}],"version-history":[{"count":0,"href":"https:\/\/df-nyt.dk\/blog\/wp-json\/wp\/v2\/posts\/11680\/revisions"}],"wp:attachment":[{"href":"https:\/\/df-nyt.dk\/blog\/wp-json\/wp\/v2\/media?parent=11680"}],"wp:term":[{"taxonomy":"category","embeddable":true,"href":"https:\/\/df-nyt.dk\/blog\/wp-json\/wp\/v2\/categories?post=11680"},{"taxonomy":"post_tag","embeddable":true,"href":"https:\/\/df-nyt.dk\/blog\/wp-json\/wp\/v2\/tags?post=11680"}],"curies":[{"name":"wp","href":"https:\/\/api.w.org\/{rel}","templated":true}]}}