{"id":11685,"date":"2010-11-04T14:16:06","date_gmt":"2010-11-04T13:16:06","guid":{"rendered":"http:\/\/df-nyt.dk\/?p=11685"},"modified":"2025-07-10T06:46:50","modified_gmt":"2025-07-10T04:46:50","slug":"aller%c3%b8d-gymnasium-far-bes%c3%b8g-af-mep-emilie-turunen-og-to-andre-politikere","status":"publish","type":"post","link":"https:\/\/df-nyt.dk\/blog\/aller%c3%b8d-gymnasium-far-bes%c3%b8g-af-mep-emilie-turunen-og-to-andre-politikere\/","title":{"rendered":"Aller\u00f8d Gymnasium f\u00e5r bes\u00f8g af MEP Emilie Turunen og to andre politikere"},"content":{"rendered":"<p>Fredag 5. november er der temadag p\u00e5 Aller\u00f8d Gymnasium.<\/p>\n<p>Alle 3.g samfundsfagshold med A-niveau deltager, og p\u00e5 g\u00e6stelisten st\u00e5r &#8230;<\/p>\n<p><img loading=\"lazy\" decoding=\"async\" class=\" alignnone\" src=\"https:\/\/df-nyt.dk\/blog\/wp-content\/uploads\/1207201021281.png\" alt=\"120720102128\" width=\"340\" height=\"192\" \/><br \/>\nmedlem af Europaparlamentet Emilie Turunen, SF<\/p>\n<p><img loading=\"lazy\" decoding=\"async\" class=\" size-full alignnone\" title=\"041120101411\" src=\"https:\/\/df-nyt.dk\/blog\/wp-content\/uploads\/041120101411.png\" alt=\"\" width=\"181\" height=\"159\" \/><\/p>\n<p>medlem af Folketinget, Per Clausen, Enhedslisten,<\/p>\n<p><img loading=\"lazy\" decoding=\"async\" class=\" size-full alignnone\" title=\"041120101413\" src=\"https:\/\/df-nyt.dk\/blog\/wp-content\/uploads\/041120101413.png\" alt=\"\" width=\"292\" height=\"100\" \/><\/p>\n<p>og Sofie Carsten Nielsen, Radikale Venstre.<\/p>\n<p>De tre politikere medvirker i en paneldebat mellem kl. 14.00-15.00, der fungerer som afslutning p\u00e5 dagen og arbejdet i fire workshops.<\/p>\n<p>De fire workshops har f\u00f8lgende temaer: Ligestilling, forbrugerpolitik, indre marked og landbrug.<\/p>\n<p>For yderlig l\u00e6sning<\/p>\n<p><span style=\"text-decoration: underline;\"><a href=\"http:\/\/df-nyt.dk\/?p=9621\">Nyt ambiti\u00f8st udspil fra Kommissionen l\u00e6ner sig op af Emilies bet\u00e6nkning om ungdomsarbejdsl\u00f8shed <\/a><\/span><br \/>\n&nbsp;<\/p>\n<p>&nbsp;<\/p>\n","protected":false},"excerpt":{"rendered":"<p>Fredag 5. november er der temadag p\u00e5 Aller\u00f8d Gymnasium. Alle 3.g samfundsfagshold med A-niveau deltager, og p\u00e5 g\u00e6stelisten st\u00e5r &#8230; medlem af Europaparlamentet Emilie Turunen, SF medlem af Folketinget, Per Clausen, Enhedslisten, og Sofie Carsten Nielsen, Radikale Venstre. De tre politikere medvirker i en paneldebat mellem kl. 14.00-15.00, der fungerer som afslutning p\u00e5 dagen og [&hellip;]<\/p>\n","protected":false},"author":10,"featured_media":0,"comment_status":"open","ping_status":"closed","sticky":false,"template":"","format":"standard","meta":{"footnotes":""},"categories":[1],"tags":[],"class_list":["post-11685","post","type-post","status-publish","format-standard","hentry","category-df-nyt-dk"],"_links":{"self":[{"href":"https:\/\/df-nyt.dk\/blog\/wp-json\/wp\/v2\/posts\/11685","targetHints":{"allow":["GET"]}}],"collection":[{"href":"https:\/\/df-nyt.dk\/blog\/wp-json\/wp\/v2\/posts"}],"about":[{"href":"https:\/\/df-nyt.dk\/blog\/wp-json\/wp\/v2\/types\/post"}],"author":[{"embeddable":true,"href":"https:\/\/df-nyt.dk\/blog\/wp-json\/wp\/v2\/users\/10"}],"replies":[{"embeddable":true,"href":"https:\/\/df-nyt.dk\/blog\/wp-json\/wp\/v2\/comments?post=11685"}],"version-history":[{"count":2,"href":"https:\/\/df-nyt.dk\/blog\/wp-json\/wp\/v2\/posts\/11685\/revisions"}],"predecessor-version":[{"id":108827,"href":"https:\/\/df-nyt.dk\/blog\/wp-json\/wp\/v2\/posts\/11685\/revisions\/108827"}],"wp:attachment":[{"href":"https:\/\/df-nyt.dk\/blog\/wp-json\/wp\/v2\/media?parent=11685"}],"wp:term":[{"taxonomy":"category","embeddable":true,"href":"https:\/\/df-nyt.dk\/blog\/wp-json\/wp\/v2\/categories?post=11685"},{"taxonomy":"post_tag","embeddable":true,"href":"https:\/\/df-nyt.dk\/blog\/wp-json\/wp\/v2\/tags?post=11685"}],"curies":[{"name":"wp","href":"https:\/\/api.w.org\/{rel}","templated":true}]}}