{"id":11691,"date":"2010-11-04T14:29:30","date_gmt":"2010-11-04T13:29:30","guid":{"rendered":"http:\/\/df-nyt.dk\/?p=11691"},"modified":"2025-07-05T15:21:02","modified_gmt":"2025-07-05T13:21:02","slug":"sf-kulturministeren-kaldes-i-samrad-om-bibliotekslukninger","status":"publish","type":"post","link":"https:\/\/df-nyt.dk\/blog\/sf-kulturministeren-kaldes-i-samrad-om-bibliotekslukninger\/","title":{"rendered":"SF: Kulturministeren kaldes i samr\u00e5d om bibliotekslukninger!"},"content":{"rendered":"<p>SF: Kulturministeren kaldes i samr\u00e5d om bibliotekslukninger! Det er en \u00e5rligt tilbagevendende begivenhed, at den kommunale stramme \u00f8konomi medf\u00f8rer lukninger og nedsk\u00e6ringer p\u00e5 folkebibliotekerne. Skriver SF i sin pressemeddelelse<br \/>\n<img loading=\"lazy\" decoding=\"async\" src=\"https:\/\/df-nyt.dk\/blog\/wp-content\/uploads\/080920101828.png\" alt=\"\" width=\"150\" height=\"150\" class=\"alignleft size-thumbnail \" \/><br \/>\n\u2013 og fors\u00e6tter<br \/>\nSamtidigt udfylder bibliotekerne en unik rolle, som det st\u00f8rste ikke-kommercielle m\u00f8dested for folkeoplysning og kultur \u2013 p\u00e5 tv\u00e6rs af aldre og klasseskel.<\/p>\n<p>2\/3 af befolkningen bruger landets biblioteker, som udover at udl\u00e5ne litteratur ogs\u00e5 hj\u00e6lper med informationss\u00f8gning, musik og film-udl\u00e5n og hj\u00e6lp til IT.<\/p>\n<p>Bibliotekerne er for mange det uformelle m\u00f8dested, hvor mennesker med svage netv\u00e6rker tr\u00e6ffer andre, hvor unge opholder sig udenfor skoletiden og hvor studerende laver deres opgaver.<\/p>\n<p>Det er med andre ord en meget stor og vigtig samfundsopgave for l\u00e6ring, folkeoplysning og integration, der l\u00f8ftes her.<\/p>\n<p>Alligevel ser regeringen passivt til, mens mere end halvdelen af landets biblioteksfilialer er forsvundet de sidste 10 \u00e5r.<\/p>\n<p>Pernille Frahm, kulturordf\u00f8rer for SF, har derfor kaldt kulturministeren i et \u00e5bent samr\u00e5d om folkebibliotekerne.<\/p>\n<p>Samr\u00e5dssp\u00f8rgsm\u00e5lene f\u00f8lger her:<\/p>\n<p>&#8211; En unders\u00f8gelse fra Bibliotikarforbundet, som d\u00e6kker 72 af landets kommuner viser, at 80 % af kommunerne vil spare p\u00e5 bibliotekerne. Danmarks Biblioteksforening har p\u00e5vist, at 7 ud af 10 kommuner vil gennemf\u00f8re besparelser i 2011 p\u00e5 bibliotekerne. 80 % vil sk\u00e6re p\u00e5 personalet, 20 % vil lukke biblioteksfilialer, 32 % vil spare p\u00e5 materialet og 4 % vil lukke bogbusser. Hvordan vil ministeren p\u00e5 den baggrund sikre, at bibliotekerne fortsat kan udfylde rollen, som Danmarks st\u00f8rste ikke-kommercielle m\u00f8dested for folkeoplysning og kultur?<\/p>\n<p>&#8211; P\u00e5 et samr\u00e5d i kulturudvalget 3.12. 2008 udtalte dav\u00e6rende kulturminister bekymring for de kommunale forringelser og understregede vigtigheden af, at bibliotekerne kunne spille en fremtr\u00e6dende rolle i det digitale samfund. Deler ministeren den bekymring, og hvordan vil ministeren sikre, at rapporten om bibliotekernes rolle i det digitaliserede samfund kan oms\u00e6ttes til virkelighed?<\/p>\n<p>&#8211; En unders\u00f8gelse fra Syddansk Universitetscenter viser, at hvis afstanden til en biblioteksfilial bliver for stor, falder brugerne fra. Ministeren bedes give et overblik over situationen i Udkantsdanmark mht. brugernes muligheder for at benytte et bibliotek \u2013 ogs\u00e5 hvis de ikke selv k\u00f8rer bil. Fx B\u00f8rn og unge, og \u00e6ldre uden bil.<\/p>\n<p>For yderlig l\u00e6sning.<\/p>\n<p><span style=\"text-decoration: underline;\"><a href=\"http:\/\/www.sf.dk\/\" target=\"_blank\" rel=\"noopener\">Seneste nyt fra SF \u2013 <\/a><\/span><\/p>\n","protected":false},"excerpt":{"rendered":"<p>SF: Kulturministeren kaldes i samr\u00e5d om bibliotekslukninger! Det er en \u00e5rligt tilbagevendende begivenhed, at den kommunale stramme \u00f8konomi medf\u00f8rer lukninger og nedsk\u00e6ringer p\u00e5 folkebibliotekerne. Skriver SF i sin pressemeddelelse \u2013 og fors\u00e6tter Samtidigt udfylder bibliotekerne en unik rolle, som det st\u00f8rste ikke-kommercielle m\u00f8dested for folkeoplysning og kultur \u2013 p\u00e5 tv\u00e6rs af aldre og klasseskel. 2\/3 [&hellip;]<\/p>\n","protected":false},"author":10,"featured_media":0,"comment_status":"open","ping_status":"closed","sticky":false,"template":"","format":"standard","meta":{"footnotes":""},"categories":[1],"tags":[],"class_list":["post-11691","post","type-post","status-publish","format-standard","hentry","category-df-nyt-dk"],"_links":{"self":[{"href":"https:\/\/df-nyt.dk\/blog\/wp-json\/wp\/v2\/posts\/11691","targetHints":{"allow":["GET"]}}],"collection":[{"href":"https:\/\/df-nyt.dk\/blog\/wp-json\/wp\/v2\/posts"}],"about":[{"href":"https:\/\/df-nyt.dk\/blog\/wp-json\/wp\/v2\/types\/post"}],"author":[{"embeddable":true,"href":"https:\/\/df-nyt.dk\/blog\/wp-json\/wp\/v2\/users\/10"}],"replies":[{"embeddable":true,"href":"https:\/\/df-nyt.dk\/blog\/wp-json\/wp\/v2\/comments?post=11691"}],"version-history":[{"count":3,"href":"https:\/\/df-nyt.dk\/blog\/wp-json\/wp\/v2\/posts\/11691\/revisions"}],"predecessor-version":[{"id":108625,"href":"https:\/\/df-nyt.dk\/blog\/wp-json\/wp\/v2\/posts\/11691\/revisions\/108625"}],"wp:attachment":[{"href":"https:\/\/df-nyt.dk\/blog\/wp-json\/wp\/v2\/media?parent=11691"}],"wp:term":[{"taxonomy":"category","embeddable":true,"href":"https:\/\/df-nyt.dk\/blog\/wp-json\/wp\/v2\/categories?post=11691"},{"taxonomy":"post_tag","embeddable":true,"href":"https:\/\/df-nyt.dk\/blog\/wp-json\/wp\/v2\/tags?post=11691"}],"curies":[{"name":"wp","href":"https:\/\/api.w.org\/{rel}","templated":true}]}}