{"id":11694,"date":"2010-11-04T14:44:56","date_gmt":"2010-11-04T13:44:56","guid":{"rendered":"http:\/\/df-nyt.dk\/?p=11694"},"modified":"2025-09-14T08:59:13","modified_gmt":"2025-09-14T06:59:13","slug":"sendt-i-tovene-af-jobcentret","status":"publish","type":"post","link":"https:\/\/df-nyt.dk\/blog\/sendt-i-tovene-af-jobcentret\/","title":{"rendered":"Sendt i tovene af Jobcentret"},"content":{"rendered":"<p><img loading=\"lazy\" decoding=\"async\" class=\"size-full alignleft\" title=\"041120101443\" src=\"https:\/\/df-nyt.dk\/blog\/wp-content\/uploads\/041120101443.png\" alt=\"\" width=\"194\" height=\"187\" \/><\/p>\n<p>Han er t\u00e6t p\u00e5 at give op i disse dage. T\u00e6t p\u00e5 at bryde sammen.<\/p>\n<p>I fem \u00e5r er han blevet sl\u00e6bt igennem Jobcentrets systemer.<br \/>\nHan troede, at der nu var en l\u00f8sning \u2013 fleksjob.<\/p>\n<p>Men nej.<br \/>\nJobcentret har lige sagt nej til fleksjob.<br \/>\nP\u00e5 grund af fejl p\u00e5 fejl. Beg\u00e5et af Jobcentret selv.<br \/>\nHan rammes af Jobcentrets fejl<\/p>\n<p>Skriver Frede Jakobsen, Svendborgs NetAvis<br \/>\nSYGE I KLEMME (13): 57-\u00e5rige Flemming Rath har k\u00e6mpet sig igennem fem m\u00f8rke \u00e5r med sygdom og Jobcenter. De seneste f\u00e5 dage har han v\u00e6ret t\u00e6t p\u00e5 at give helt op. Tre arbejdspr\u00f8vninger har han v\u00e6ret igennem.<\/p>\n<p>To gange er han af en sagsbehandler p\u00e5 det kommunale Jobcenter blevet indstillet til fleksjob. Nu har Jobcentret sagt definitivt nej til at tildele Flemming Rath fleksjob. Grunden? De arbejdspr\u00f8vninger, som selvsamme Jobcenter har sendt ham i, har v\u00e6ret forkerte.<\/p>\n<p>Flemming Rath, tidligere industriarbejder, som i to og et halvt \u00e5r har v\u00e6ret p\u00e5 kontanthj\u00e6lp, og hans kone, f\u00f8rtidspensionist p\u00e5 nedsat ydelse, overlever kun lige netop \u00f8konomisk. Bl.a. fordi de f\u00e5r hj\u00e6lp af deres b\u00f8rn.<\/p>\n<p>Men hum\u00f8ret og lysten til livet er mere og mere vanskelig at bevare. Flemming Rath er ked af det og forvirret.<\/p>\n<p>Han har haft et h\u00e5rdt arbejdsliv. Og altid har han troet, hvad familien i flere generationer har haft tillid til og l\u00e6rt ham: Vi betaler vores skat \u2013 og f\u00e5r vi brug for det, s\u00e5 f\u00e5r vi hj\u00e6lp. \u201dHvor er Curt henne i alt det her\u201d, sp\u00f8rger han.<\/p>\n<p>Det er borgmesteren, han mener, socialdemokraten Curt S\u00f8rensen, der satte sig i borgmesterstolen 1. januar \u2013 efter fire \u00e5r med Venstre-styre, en periode, hvor jagten p\u00e5 at nedbringe antallet af svendborgensere p\u00e5 fleksjob og f\u00f8rtidspension for alvor blev sparket i gang \u2013 helt i overensstemmelse med regeringens politik.<\/p>\n<p>Som livslangt fagforeningsmedlem \u2013 i 3F \u2013 har han, ligesom sin far, der var ansat i fagbev\u00e6gelsen, altid troet p\u00e5, at hj\u00e6lpen ville v\u00e6re der fra samfundet, hvis det, han ikke h\u00e5bede p\u00e5, skulle indtr\u00e6ffe: At han ikke l\u00e6ngere kunne arbejde. I dag er han ikke bare skuffet. Han er ked af det, vred.<\/p>\n<p>\/\/www.svendborgsnetavis.dk\/?p=2739&#8243;<br \/>\n Svendborgs NetAvis <\/p>\n","protected":false},"excerpt":{"rendered":"<p>Han er t\u00e6t p\u00e5 at give op i disse dage. T\u00e6t p\u00e5 at bryde sammen. I fem \u00e5r er han blevet sl\u00e6bt igennem Jobcentrets systemer. Han troede, at der nu var en l\u00f8sning \u2013 fleksjob. Men nej. Jobcentret har lige sagt nej til fleksjob. P\u00e5 grund af fejl p\u00e5 fejl. Beg\u00e5et af Jobcentret selv. Han [&hellip;]<\/p>\n","protected":false},"author":10,"featured_media":0,"comment_status":"open","ping_status":"closed","sticky":false,"template":"","format":"standard","meta":{"footnotes":""},"categories":[1],"tags":[],"class_list":["post-11694","post","type-post","status-publish","format-standard","hentry","category-df-nyt-dk"],"_links":{"self":[{"href":"https:\/\/df-nyt.dk\/blog\/wp-json\/wp\/v2\/posts\/11694","targetHints":{"allow":["GET"]}}],"collection":[{"href":"https:\/\/df-nyt.dk\/blog\/wp-json\/wp\/v2\/posts"}],"about":[{"href":"https:\/\/df-nyt.dk\/blog\/wp-json\/wp\/v2\/types\/post"}],"author":[{"embeddable":true,"href":"https:\/\/df-nyt.dk\/blog\/wp-json\/wp\/v2\/users\/10"}],"replies":[{"embeddable":true,"href":"https:\/\/df-nyt.dk\/blog\/wp-json\/wp\/v2\/comments?post=11694"}],"version-history":[{"count":4,"href":"https:\/\/df-nyt.dk\/blog\/wp-json\/wp\/v2\/posts\/11694\/revisions"}],"predecessor-version":[{"id":109929,"href":"https:\/\/df-nyt.dk\/blog\/wp-json\/wp\/v2\/posts\/11694\/revisions\/109929"}],"wp:attachment":[{"href":"https:\/\/df-nyt.dk\/blog\/wp-json\/wp\/v2\/media?parent=11694"}],"wp:term":[{"taxonomy":"category","embeddable":true,"href":"https:\/\/df-nyt.dk\/blog\/wp-json\/wp\/v2\/categories?post=11694"},{"taxonomy":"post_tag","embeddable":true,"href":"https:\/\/df-nyt.dk\/blog\/wp-json\/wp\/v2\/tags?post=11694"}],"curies":[{"name":"wp","href":"https:\/\/api.w.org\/{rel}","templated":true}]}}