{"id":11704,"date":"2010-11-04T18:13:31","date_gmt":"2010-11-04T17:13:31","guid":{"rendered":"http:\/\/df-nyt.dk\/?p=11704"},"modified":"2025-07-08T16:10:58","modified_gmt":"2025-07-08T14:10:58","slug":"trykkefrihedsselskabet-samarbejder-med-terrorister","status":"publish","type":"post","link":"https:\/\/df-nyt.dk\/blog\/trykkefrihedsselskabet-samarbejder-med-terrorister\/","title":{"rendered":"Trykkefrihedsselskabet samarbejder med terrorister"},"content":{"rendered":"<p><img loading=\"lazy\" decoding=\"async\" class=\"alignnone\" src=\"https:\/\/df-nyt.dk\/wp-content\/uploads\/1601201320191.png\" alt=\"\" width=\"227\" height=\"215\" \/><br \/>\nTrykkefrihedsselskabet samarbejder med terrorister<br \/>\nLars Hedegaard har holdt brandtale for canadiske medlemmer af organisationen Jewish Defence League (JDL), der anses for at v\u00e6re terrorister af FBI.<\/p>\n<p>Den svenske Muhammed-tegner Lars Vilks deltog ogs\u00e5<br \/>\nJDL anses af FBI for at v\u00e6re en h\u00f8jreorienteret terroristgruppe<\/p>\n<p>Formanden for Trykkefrihedsselskabet, Lars Hedegaard, har i samarbejde med den yderligtg\u00e5ende, h\u00f8jreorienterede organisation Jewish Defence League (JDL) v\u00e6ret i Toronto i Canada, hvor han holdt en opsigtsv\u00e6kkende tale om muslimer. Skriver Netavisen ekstrabladet.dk<\/p>\n<p><img loading=\"lazy\" decoding=\"async\" class=\"size-medium  alignnone\" src=\"https:\/\/df-nyt.dk\/wp-content\/uploads\/0411201018031.png\" alt=\"\" width=\"400\" height=\"336\" \/><\/p>\n<p>Om JDL kan n\u00e6vnes, at der i 2009. blev anholdt fire medlemmer af Den J\u00f8diske Forsvarsliga \/Jewish Defense League (JDL) i forbindelse med et angreb p\u00e5 en boghandel i Paris.<\/p>\n<p>Bev\u00e6bnet med stokke og flasker med olie stormede maskerede m\u00e6nd en boghandel. De smadrede computere og kasseapparatet, rev b\u00f8ger ned fra v\u00e6ggene og h\u00e6ldte olie ud p\u00e5 gulvet. Kilde: Netavisen berlinske.dk<\/p>\n<p>Reference<br \/>\nNetavisen berlinske.dk<br \/>\nNetavisen \/\/b.dk \/verden\/joediske-ekstremister-anholdt-i-paris\/<br \/>\nInformationscentret \/\/fbi.gov\/stats-services\/publications\/terror\/terrorism-2000-2001\/<br \/>\nNetavisen \/\/ekstrabladet.dk \/nyheder\/samfund\/article1445092\/<br \/>\nNetavisen \/\/p77.dk\/nyheder\/277\/trykkeselskabets-terror-samarbejde-mere-bredt<br \/>\n<a href=\"https:\/\/p77.dk\/nyheder\/277\/trykkeselskabets-terror-samarbejde-mere-bredt\" rel=\"noopener\" target=\"_blank\"><span style=\"color: blue;\"> <span style=\"text-decoration: underline;\"> webstedet \/\/p77.dk\/nyheder\/277\/trykkeselskabets-terror-samarbejde-mere-bredt<\/p>\n<p>For yderlig l\u00e6sning<\/p>\n<p><a href=\"https:\/\/df-nyt.dk\/?p=11605\/\" target=\"_blank\" rel=\"noopener noreferrer\"><span style=\"text-decoration: underline;\">L\u00e6s mere om JDL HER<\/span><\/a><br \/>\n&nbsp;<br \/>\n<a href=\"https:\/\/df-nyt.dk\/?p=11856\/\" target=\"_blank\" rel=\"noopener noreferrer\"><span style=\"text-decoration: underline;\">Trykkeselskabets terror-samarbejde mere bredt<\/span><\/a><br \/>\n&nbsp;<br \/>\n<img loading=\"lazy\" decoding=\"async\" class=\"  alignnone\" src=\"https:\/\/df-nyt.dk\/wp-content\/uploads\/0711201001501.png\" alt=\"\" width=\"254\" height=\"180\" \/><br \/>\n&nbsp;<\/span><\/span><\/a><\/p>\n","protected":false},"excerpt":{"rendered":"<p>Trykkefrihedsselskabet samarbejder med terrorister Lars Hedegaard har holdt brandtale for canadiske medlemmer af organisationen Jewish Defence League (JDL), der anses for at v\u00e6re terrorister af FBI. Den svenske Muhammed-tegner Lars Vilks deltog ogs\u00e5 JDL anses af FBI for at v\u00e6re en h\u00f8jreorienteret terroristgruppe Formanden for Trykkefrihedsselskabet, Lars Hedegaard, har i samarbejde med den yderligtg\u00e5ende, h\u00f8jreorienterede [&hellip;]<\/p>\n","protected":false},"author":10,"featured_media":0,"comment_status":"open","ping_status":"closed","sticky":false,"template":"","format":"standard","meta":{"footnotes":""},"categories":[1],"tags":[],"class_list":["post-11704","post","type-post","status-publish","format-standard","hentry","category-df-nyt-dk"],"_links":{"self":[{"href":"https:\/\/df-nyt.dk\/blog\/wp-json\/wp\/v2\/posts\/11704","targetHints":{"allow":["GET"]}}],"collection":[{"href":"https:\/\/df-nyt.dk\/blog\/wp-json\/wp\/v2\/posts"}],"about":[{"href":"https:\/\/df-nyt.dk\/blog\/wp-json\/wp\/v2\/types\/post"}],"author":[{"embeddable":true,"href":"https:\/\/df-nyt.dk\/blog\/wp-json\/wp\/v2\/users\/10"}],"replies":[{"embeddable":true,"href":"https:\/\/df-nyt.dk\/blog\/wp-json\/wp\/v2\/comments?post=11704"}],"version-history":[{"count":4,"href":"https:\/\/df-nyt.dk\/blog\/wp-json\/wp\/v2\/posts\/11704\/revisions"}],"predecessor-version":[{"id":108767,"href":"https:\/\/df-nyt.dk\/blog\/wp-json\/wp\/v2\/posts\/11704\/revisions\/108767"}],"wp:attachment":[{"href":"https:\/\/df-nyt.dk\/blog\/wp-json\/wp\/v2\/media?parent=11704"}],"wp:term":[{"taxonomy":"category","embeddable":true,"href":"https:\/\/df-nyt.dk\/blog\/wp-json\/wp\/v2\/categories?post=11704"},{"taxonomy":"post_tag","embeddable":true,"href":"https:\/\/df-nyt.dk\/blog\/wp-json\/wp\/v2\/tags?post=11704"}],"curies":[{"name":"wp","href":"https:\/\/api.w.org\/{rel}","templated":true}]}}