{"id":11719,"date":"2010-11-05T07:22:52","date_gmt":"2010-11-05T06:22:52","guid":{"rendered":"http:\/\/df-nyt.dk\/?p=11719"},"modified":"2017-07-27T21:45:55","modified_gmt":"2017-07-27T19:45:55","slug":"eksperter-advarer-mod-jewish-defence-league","status":"publish","type":"post","link":"https:\/\/df-nyt.dk\/blog\/eksperter-advarer-mod-jewish-defence-league\/","title":{"rendered":"Eksperter advarer mod Jewish Defence League"},"content":{"rendered":"<p><strong>1. maj 2003 skriver Chalotte Aagaard og Rasmus Egelund p\u00e5 <a href=\"http:\/\/www.information.dk\/81081\">Information.dk<\/a><\/strong><\/p>\n<p><strong>Den j\u00f8diske terrorgruppe Jewish Defence League har gennem l\u00e6ngere tid arbejdet p\u00e5 at oprette en dansk afdeling.<\/strong><\/p>\n<p>Organisationen er parat til at forsvare j\u00f8diske interesser med \u00bballe\u00ab til r\u00e5dighed st\u00e5ende midler og har til form\u00e5let oprettet en dansk hjemmeside, hvor interesserede kan melde sig ind.<\/p>\n<p>Eksperter i terror og j\u00f8disk ekstremisme advarer mod organisationen og opfordrer de danske myndigheder til at holde et s\u00e6rdeles v\u00e5gent \u00f8je med den. [&#8230;]<\/p>\n<p><a href=\"https:\/\/df-nyt.dk\/blog\/wp-content\/uploads\/0511201007101.png\"><img loading=\"lazy\" decoding=\"async\" class=\"aligncenter size-medium wp-image-45848\" src=\"https:\/\/df-nyt.dk\/blog\/wp-content\/uploads\/0511201007101-400x300.png\" alt=\"051120100710\" width=\"400\" height=\"300\" srcset=\"https:\/\/df-nyt.dk\/blog\/wp-content\/uploads\/0511201007101-400x300.png 400w, https:\/\/df-nyt.dk\/blog\/wp-content\/uploads\/0511201007101.png 1024w\" sizes=\"auto, (max-width: 400px) 100vw, 400px\" \/><\/a><\/p>\n<p>(Du kan klikke p\u00e5 screen dump for stor st\u00f8rrelse)<\/p>\n<p>Jewish Defence Leagues danske hjemmeside bekender sig \u00e5bent til anvendelse af vold og erkl\u00e6rer, at organisationens form\u00e5l er \u00bbat forsvare j\u00f8diske rettigheder, institutioner og enkeltpersoner og l\u00f8se j\u00f8diske problemer med ALLE n\u00f8dvendige midler\u2026 herunder styrke, magt og vold.\u00ab<\/p>\n<p>Interesserede inviteres til at henvende sig p\u00e5 e-mail ligesom det understreges, at alle j\u00f8der uanset religi\u00f8s opfattelse ligesom ikke-j\u00f8der kan optages som medlemmer, hvis de \u00bbkan forst\u00e5 og st\u00f8tte det, vi st\u00e5r for.\u00ab<\/p>\n<p>Information har forg\u00e6ves fors\u00f8gt at komme i kontakt med indehaveren af den danske hjemmeside, b\u00e5de via e-mail, via den amerikanske moderorganisation, via kilder i det j\u00f8diske samfund og via en fiktiv hotmail adresse.<\/p>\n<p><a href=\"https:\/\/df-nyt.dk\/blog\/wp-content\/uploads\/0511201007191.png\"><img loading=\"lazy\" decoding=\"async\" class=\"aligncenter size-medium wp-image-45849\" src=\"https:\/\/df-nyt.dk\/blog\/wp-content\/uploads\/0511201007191-312x400.png\" alt=\"051120100719\" width=\"312\" height=\"400\" srcset=\"https:\/\/df-nyt.dk\/blog\/wp-content\/uploads\/0511201007191-312x400.png 312w, https:\/\/df-nyt.dk\/blog\/wp-content\/uploads\/0511201007191.png 478w\" sizes=\"auto, (max-width: 312px) 100vw, 312px\" \/><\/a><\/p>\n<p><strong>Eksperter advarer<\/strong><br \/>\nSelv om Jewish Defence League har dusinvis af bombeattentater og adskillige politiske mord p\u00e5 samvittigheden i USA, er der if\u00f8lge professor i strafferetferetsekspert Vagn Greve ikke umiddelbart noget ulovligt ved den danske hjemmeside.<\/p>\n<p>\u00bbTruslen om at anvende alle midler er ikke konkret nok, fordi der hverken er tale om en trussel mod en bestemt person eller en bestemt gruppe af personer,\u00ab siger Vagn Greve.<\/p>\n<p>Alligevel advarer flere terroreksperter om, at Jewish Defence League er en organisation, myndighederne b\u00f8r v\u00e6re opm\u00e6rksom p\u00e5.<\/p>\n<p>\u00bbSelv om JDLs involvering i terrorattentater ligger flere \u00e5r tilbage i tiden og deres aktiviteter i Europa f\u00f8rst og fremmest er propaganda, b\u00f8r de danske myndigheder holde \u00f8je med, om medlemmerne skifter propagandaen ud med vold\u00ab, siger Europas f\u00f8rende terrorekpert Paul Wilkinson, St. Andrew University.<\/p>\n<p>Og den vurdering bakkes op af Dominique Vidal, der er chefredakt\u00f8r for Le Monde Diplomatique og en af Frankrigs f\u00f8rende kendere af bla. j\u00f8diske organisationers aktiviteter i og uden for Israel.<\/p>\n<p>JDL har de senere \u00e5r gjort sig meget uheldigt bem\u00e6rket i forbindelse med j\u00f8diske demonstrationer, hvor organisationen er blevet brugt som vagtv\u00e6rn.<\/p>\n<p>\u00bbJeg mener bestemt, JDL er farlige. Organisationen er klart voldelig\u00ab, siger han.<\/p>\n<p>\u00bbMedlemmerne er meget radikale og har klart fascistiske tendenser. De vedkender sig den afd\u00f8de rabbiner Meir Kahanes ideologi. Han var \u00e5bent racistisk og talte om j\u00f8dernes overlegenhed.\u00ab<\/p>\n<p>Vidal peger desuden p\u00e5, at JDL er specielt uberegneligt, fordi de til forskel for mange andre j\u00f8diske grupper ikke st\u00e5r til ansvar for nogen som helst.<\/p>\n<p>Herhjemme finder Lars Erslev Andersen fra Center for Mellem\u00f8ststudier ved Syddansk Univeristet det \u00bbbekymrende, at en organisation som Jewish Defence League findes i Danmark.\u00ab<\/p>\n<p>\u00bb<strong>JDL bekender sig til vold og har en id\u00e9ologi, der bygger p\u00e5 selvt\u00e6gt.<\/strong> Deres m\u00e5l er et beskytte j\u00f8der under sloganet \u2019Aldrig igen\u2019, en henvisning til Holocaust, kz-lejre osv. <strong>Det er da dybt problematisk, hvis de begynder at agere herhjemme,\u00ab siger Erslev.<\/strong> [&#8230;]<\/p>\n<p><strong>L\u00e6s ogs\u00e5:<\/strong><\/p>\n<p><strong>P 77: <\/strong><span style=\"text-decoration: underline;\"><a href=\"http:\/\/www.p77.dk\/radikalisering\/69-radikalisering-danmark\/337-trykkeselskabs-formand-i-samarbejde-med-terrororganisation\" target=\"_blank\" rel=\"noopener\"><strong>Trykkeselskabs-formand i samarbejde med terrororganisation<\/strong><\/a><\/span><\/p>\n<p>&nbsp;<br \/>\n<a href=\"http:\/\/df-nyt.dk\/?p=11704\" target=\"_blank\" rel=\"noopener\"><span style=\"text-decoration: underline;\"><strong><br \/>\nTrykkefrihedsselskabet samarbejder med terrorister <\/strong><\/span><\/a><\/p>\n<p>&nbsp;<br \/>\n<a href=\"http:\/\/df-nyt.dk\/?p=11605\" target=\"_blank\" rel=\"noopener\"><span style=\"text-decoration: underline;\"><strong><br \/>\nTrykkeselskabs-formand i samarbejde med terrororganisation<\/strong><\/span><\/a><\/p>\n<p><strong><a href=\"https:\/\/df-nyt.dk\/blog\/wp-content\/uploads\/0211201015201.png\"><img loading=\"lazy\" decoding=\"async\" class=\"aligncenter size-full wp-image-45513\" src=\"https:\/\/df-nyt.dk\/blog\/wp-content\/uploads\/0211201015201.png\" alt=\"021120101520\" width=\"231\" height=\"216\" \/><\/a><\/strong><\/p>\n","protected":false},"excerpt":{"rendered":"<p>1. maj 2003 skriver Chalotte Aagaard og Rasmus Egelund p\u00e5 Information.dk Den j\u00f8diske terrorgruppe Jewish Defence League har gennem l\u00e6ngere tid arbejdet p\u00e5 at oprette en dansk afdeling. Organisationen er parat til at forsvare j\u00f8diske interesser med \u00bballe\u00ab til r\u00e5dighed st\u00e5ende midler og har til form\u00e5let oprettet en dansk hjemmeside, hvor interesserede kan melde sig [&hellip;]<\/p>\n","protected":false},"author":10,"featured_media":0,"comment_status":"open","ping_status":"closed","sticky":false,"template":"","format":"standard","meta":{"footnotes":""},"categories":[1],"tags":[],"class_list":["post-11719","post","type-post","status-publish","format-standard","hentry","category-df-nyt-dk"],"_links":{"self":[{"href":"https:\/\/df-nyt.dk\/blog\/wp-json\/wp\/v2\/posts\/11719","targetHints":{"allow":["GET"]}}],"collection":[{"href":"https:\/\/df-nyt.dk\/blog\/wp-json\/wp\/v2\/posts"}],"about":[{"href":"https:\/\/df-nyt.dk\/blog\/wp-json\/wp\/v2\/types\/post"}],"author":[{"embeddable":true,"href":"https:\/\/df-nyt.dk\/blog\/wp-json\/wp\/v2\/users\/10"}],"replies":[{"embeddable":true,"href":"https:\/\/df-nyt.dk\/blog\/wp-json\/wp\/v2\/comments?post=11719"}],"version-history":[{"count":0,"href":"https:\/\/df-nyt.dk\/blog\/wp-json\/wp\/v2\/posts\/11719\/revisions"}],"wp:attachment":[{"href":"https:\/\/df-nyt.dk\/blog\/wp-json\/wp\/v2\/media?parent=11719"}],"wp:term":[{"taxonomy":"category","embeddable":true,"href":"https:\/\/df-nyt.dk\/blog\/wp-json\/wp\/v2\/categories?post=11719"},{"taxonomy":"post_tag","embeddable":true,"href":"https:\/\/df-nyt.dk\/blog\/wp-json\/wp\/v2\/tags?post=11719"}],"curies":[{"name":"wp","href":"https:\/\/api.w.org\/{rel}","templated":true}]}}