{"id":11738,"date":"2010-11-05T13:39:58","date_gmt":"2010-11-05T12:39:58","guid":{"rendered":"http:\/\/df-nyt.dk\/?p=11738"},"modified":"2024-09-25T19:07:05","modified_gmt":"2024-09-25T17:07:05","slug":"katrine-winkel-holm-sa-l%c3%a6gger-180grader-endnu-engang-avis-til-en-afsindig-l%c3%b8gnehistorie-om-tfs-formand-lars-hedegaard","status":"publish","type":"post","link":"https:\/\/df-nyt.dk\/blog\/katrine-winkel-holm-sa-l%c3%a6gger-180grader-endnu-engang-avis-til-en-afsindig-l%c3%b8gnehistorie-om-tfs-formand-lars-hedegaard\/","title":{"rendered":"Katrine Winkel Holm: S\u00e5 l\u00e6gger 180grader endnu engang avis til en afsindig l\u00f8gnehistorie om TFS-formand, Lars Hedegaard."},"content":{"rendered":"<p>Katrine Winkel Holm: S\u00e5 l\u00e6gger 180grader endnu engang avis til en afsindig l\u00f8gnehistorie om TFS-formand, Lars Hedegaard.<\/p>\n<p><em>Denne gang fabrikeret af den berygtede rendestensblogger, Monica S. Hansen.<\/em><br \/>\n<em>Sappho fort\u00e6ller den sande historie senere i dag.<\/em><\/p>\n<p><em>Jeg kunne dog godt lide at vide, om ikke redakt\u00f8ren f\u00f8ler et vist redaktionelt ansvar for det, der l\u00e6gges p\u00e5 hans avis? Er der ingen nedre gr\u00e6nse?<\/em><\/p>\n<p><img loading=\"lazy\" decoding=\"async\" class=\"size-full  alignnone\" src=\"https:\/\/df-nyt.dk\/\/wp-content\/uploads\/0511201013101.png\" alt=\"051120101310\" width=\"463\" height=\"157\" \/><\/p>\n<p>-Sp\u00f8rger Katrine Winkel Holm sine fans om p\u00e5 webportalen FaceBook.<\/p>\n<p><img loading=\"lazy\" decoding=\"async\" class=\"alignnone\" src=\"https:\/\/df-nyt.dk\/\/wp-content\/uploads\/0711201001501.png\" alt=\"071120100150\" width=\"266\" height=\"188\" \/><\/p>\n<p>-Jeg kunne da godt t\u00e6nker mig at f\u00e5 at vide, hvori best\u00e5r l\u00f8gnen?<br \/>\nS\u00e5 -Du, k\u00e6re Katrine Winkel-Holm, er hjertelig velkommen til at pr\u00e6ciserer det for mine undrende l\u00e6sere og mig.<\/p>\n<p>Kender du virkelig den ultimative sandhed, s\u00e5 er det da n\u00e6sten en forbrydelse<br \/>\nhvis du holder den for dig selv.<\/p>\n<p>Send en mail til mig -Jeg vil meget gerne s\u00e6tte dit indl\u00e6g ind,<br \/>\nhelt uredigeret og ledsaget af et p\u00e6nt portr\u00e6t.<\/p>\n<p>Jeg kunne ogs\u00e5 godt t\u00e6nke mig at vide, om dit bestyrelses-arbejde i Danmarks Radio (DR) er p\u00e5virket af dit samarbejde med Lars Hedegaard. Det ville derfor, gl\u00e6de mig um\u00e5deligt, hvis du i dit indl\u00e6g lige vil strejfe den problematik.<\/p>\n<p>For yderlig l\u00e6sning<\/p>\n<p><a href=\"https:\/\/df-nyt.dk\/?p=11719 \/\" rel=\"noreferrer nofollow\"><span style=\"text-decoration: underline;\">Eksperter advarer mod Jewish Defence League<\/span><\/a><br \/>\n&nbsp;<br \/>\n<a href=\"http:\/\/p77.dk\/radikalisering\/69-radikalisering-danmark\/337-trykkeselskabs-formand-i-samarbejde-med-terrororganisation \/\" rel=\"noreferrer nofollow\"><span style=\"text-decoration: underline;\">Netavisen, P77.dk &#8211; \/\/p77.dk\/radikalisering\/radikalisering-danmark<\/span><\/a><br \/>\n&nbsp;<br \/>\n<a href=\"http:\/\/p77.dk\/radikalisering\/69-radikalisering-danmark\/338-christiansborg-politiker-jeg-er-rystet \/\" rel=\"noreferrer nofollow\"><span style=\"text-decoration: underline;\">Netavisen, P77.dk &#8211; P77.dk_christiansborg-politiker-jeg-er-rystet<\/span><\/a><br \/>\n&nbsp;<br \/>\n<a href=\"https:\/\/df-nyt.dk\/?p=11704 \/\" rel=\"noreferrer nofollow\"><span style=\"text-decoration: underline;\">Trykkefrihedsselskabet_samarbejder_med_terrorister<\/span><\/a><\/p>\n","protected":false},"excerpt":{"rendered":"<p>Katrine Winkel Holm: S\u00e5 l\u00e6gger 180grader endnu engang avis til en afsindig l\u00f8gnehistorie om TFS-formand, Lars Hedegaard. Denne gang fabrikeret af den berygtede rendestensblogger, Monica S. Hansen. Sappho fort\u00e6ller den sande historie senere i dag. Jeg kunne dog godt lide at vide, om ikke redakt\u00f8ren f\u00f8ler et vist redaktionelt ansvar for det, der l\u00e6gges p\u00e5 [&hellip;]<\/p>\n","protected":false},"author":10,"featured_media":0,"comment_status":"open","ping_status":"closed","sticky":false,"template":"","format":"standard","meta":{"footnotes":""},"categories":[1],"tags":[],"class_list":["post-11738","post","type-post","status-publish","format-standard","hentry","category-df-nyt-dk"],"_links":{"self":[{"href":"https:\/\/df-nyt.dk\/blog\/wp-json\/wp\/v2\/posts\/11738","targetHints":{"allow":["GET"]}}],"collection":[{"href":"https:\/\/df-nyt.dk\/blog\/wp-json\/wp\/v2\/posts"}],"about":[{"href":"https:\/\/df-nyt.dk\/blog\/wp-json\/wp\/v2\/types\/post"}],"author":[{"embeddable":true,"href":"https:\/\/df-nyt.dk\/blog\/wp-json\/wp\/v2\/users\/10"}],"replies":[{"embeddable":true,"href":"https:\/\/df-nyt.dk\/blog\/wp-json\/wp\/v2\/comments?post=11738"}],"version-history":[{"count":3,"href":"https:\/\/df-nyt.dk\/blog\/wp-json\/wp\/v2\/posts\/11738\/revisions"}],"predecessor-version":[{"id":104847,"href":"https:\/\/df-nyt.dk\/blog\/wp-json\/wp\/v2\/posts\/11738\/revisions\/104847"}],"wp:attachment":[{"href":"https:\/\/df-nyt.dk\/blog\/wp-json\/wp\/v2\/media?parent=11738"}],"wp:term":[{"taxonomy":"category","embeddable":true,"href":"https:\/\/df-nyt.dk\/blog\/wp-json\/wp\/v2\/categories?post=11738"},{"taxonomy":"post_tag","embeddable":true,"href":"https:\/\/df-nyt.dk\/blog\/wp-json\/wp\/v2\/tags?post=11738"}],"curies":[{"name":"wp","href":"https:\/\/api.w.org\/{rel}","templated":true}]}}