{"id":11743,"date":"2010-11-05T14:09:58","date_gmt":"2010-11-05T13:09:58","guid":{"rendered":"http:\/\/df-nyt.dk\/?p=11743"},"modified":"2016-06-20T21:52:36","modified_gmt":"2016-06-20T19:52:36","slug":"stop-for-aktiveringscirkus-med-kr%c3%a6ftsyge","status":"publish","type":"post","link":"https:\/\/df-nyt.dk\/blog\/stop-for-aktiveringscirkus-med-kr%c3%a6ftsyge\/","title":{"rendered":"Stop for aktiveringscirkus med kr\u00e6ftsyge"},"content":{"rendered":"<p><strong>Nu er det slut med, at alvorligt syge personer bliver m\u00f8dt med krav om m\u00f8der p\u00e5 jobcentre og aktiveringstilbud.<\/strong><\/p>\n<p>Skriver de\u00a0Radikale i en pressemeddelse &#8211; Og forts\u00e6tter.<\/p>\n<p>En m\u00e6rkesag for Radikale Venstre der netop er blevet vedtaget i sygefrav\u00e6rsaftalen.<\/p>\n<p>B\u00e5de de mest og de mindst syge personer bliver nu fritaget fra at deltage i et aktiveringscirkus, som ingen har gavn af.<\/p>\n<p>&#8220;Det er uv\u00e6rdigt, at man kontakter folk med henblik p\u00e5 aktivering, n\u00e5r de ligger i sygesengen med alvorlige eller livstruende sygdomme.<\/p>\n<p>De situationer vil vi undg\u00e5 med den nye aftale.<\/p>\n<p>Og vi har samtidig sikret, at der vil v\u00e6re et tilbud til de alvorligt syge om en kommunal indsats, hvis det er noget, de selv foretr\u00e6kker,&#8221; siger Morten \u00d8stergaard, arbejdsmarkedsordf\u00f8rer for Radikale Venstre.<\/p>\n<p>Den nye aftale fritager ogs\u00e5 de mindst syge fra at blive tilbudt aktiveringstilbud.<\/p>\n<p>Det g\u00e6lder folk med en klar diagnose som eksempelvis et \u00f8delagt kn\u00e6, hvor personen kan vende tilbage til jobbet senest to m\u00e5neder efter.<\/p>\n<p>Morten \u00d8stergaard frygter ikke, at den nye aftale betyder, at der g\u00e5r l\u00e6ngere tid, inden folk vender tilbage til deres arbejde.<\/p>\n<p>&#8220;Med den her aftale f\u00e5r vi indsn\u00e6vret aktiveringsindsatsen til den m\u00e5lgruppe, hvor den kan g\u00f8re en forskel.<\/p>\n<p>Og de mindst syge har ofte slet ikke noget problem med at vende tilbage,&#8221; siger Morten \u00d8stergaard, if\u00f8lge en pressemeddelse fra Det Radikale Venstre.<\/p>\n<p><strong><a href=\"http:\/\/www.radikale.dk\" target=\"_blank\">L\u00e6s mere HER<\/a><\/strong><\/p>\n","protected":false},"excerpt":{"rendered":"<p>Nu er det slut med, at alvorligt syge personer bliver m\u00f8dt med krav om m\u00f8der p\u00e5 jobcentre og aktiveringstilbud. Skriver de\u00a0Radikale i en pressemeddelse &#8211; Og forts\u00e6tter. En m\u00e6rkesag for Radikale Venstre der netop er blevet vedtaget i sygefrav\u00e6rsaftalen. B\u00e5de de mest og de mindst syge personer bliver nu fritaget fra at deltage i et [&hellip;]<\/p>\n","protected":false},"author":10,"featured_media":0,"comment_status":"open","ping_status":"closed","sticky":false,"template":"","format":"standard","meta":{"footnotes":""},"categories":[1],"tags":[],"class_list":["post-11743","post","type-post","status-publish","format-standard","hentry","category-df-nyt-dk"],"_links":{"self":[{"href":"https:\/\/df-nyt.dk\/blog\/wp-json\/wp\/v2\/posts\/11743","targetHints":{"allow":["GET"]}}],"collection":[{"href":"https:\/\/df-nyt.dk\/blog\/wp-json\/wp\/v2\/posts"}],"about":[{"href":"https:\/\/df-nyt.dk\/blog\/wp-json\/wp\/v2\/types\/post"}],"author":[{"embeddable":true,"href":"https:\/\/df-nyt.dk\/blog\/wp-json\/wp\/v2\/users\/10"}],"replies":[{"embeddable":true,"href":"https:\/\/df-nyt.dk\/blog\/wp-json\/wp\/v2\/comments?post=11743"}],"version-history":[{"count":0,"href":"https:\/\/df-nyt.dk\/blog\/wp-json\/wp\/v2\/posts\/11743\/revisions"}],"wp:attachment":[{"href":"https:\/\/df-nyt.dk\/blog\/wp-json\/wp\/v2\/media?parent=11743"}],"wp:term":[{"taxonomy":"category","embeddable":true,"href":"https:\/\/df-nyt.dk\/blog\/wp-json\/wp\/v2\/categories?post=11743"},{"taxonomy":"post_tag","embeddable":true,"href":"https:\/\/df-nyt.dk\/blog\/wp-json\/wp\/v2\/tags?post=11743"}],"curies":[{"name":"wp","href":"https:\/\/api.w.org\/{rel}","templated":true}]}}