{"id":11759,"date":"2010-11-06T15:22:16","date_gmt":"2010-11-06T14:22:16","guid":{"rendered":"http:\/\/df-nyt.dk\/?p=11759"},"modified":"2017-11-07T06:35:33","modified_gmt":"2017-11-07T05:35:33","slug":"christiansborg-politiker-jeg-er-rystet","status":"publish","type":"post","link":"https:\/\/df-nyt.dk\/blog\/christiansborg-politiker-jeg-er-rystet\/","title":{"rendered":"Christiansborg-politiker: Jeg er rystet"},"content":{"rendered":"<p><a href=\"https:\/\/df-nyt.dk\/blog\/wp-content\/uploads\/211020132115.png\"><img loading=\"lazy\" decoding=\"async\" class=\"alignleft size-full wp-image-54384\" src=\"https:\/\/df-nyt.dk\/blog\/wp-content\/uploads\/211020132115.png\" alt=\"211020132115\" width=\"256\" height=\"247\" \/><\/a><\/p>\n<p>Lars Hedegaards forbindelse til terrorgruppen Jewish Defense League f\u00e5r nu Christiansborg-politikeren Kamal Qureshi p\u00e5 banen.<\/p>\n<p>Netavisen P77 kunne for f\u00e5 dage siden dokumentere, at Trykkefrihedsselskabets formand Lars Hedegaard til arrangementer i USA og Canada tjener penge ind til organisationen Jewish Defense League, som FBI karakteriserer som en &#8220;voldelig ekstremistisk h\u00f8jreorienteret terrorgruppe&#8221;.<\/p>\n<p>Hedegaards internationale trykkefrihedsselskab fremtr\u00e6der med logo som deltagende organisation bag et JDL-arrangement, hvor han sammen med den svenske muhammedtegner Lars Vilks var hovedattraktion.<\/p>\n<p>Han leverede her en tale om, vi lever i en Ny Verdensorden i krig mod Islam, hvor der m\u00e5 gribes til v\u00e5ben og politikere fjernes med magt.<\/p>\n<p>Hedegaards forbindelse til organisationen JDL f\u00e5r nu Socialistisk Folkepartis Kamal Qureshi til at tage sagen op: \u00bbJeg er rystet over linket, hvis det passer.<\/p>\n<p>Og jeg vil bede Justitsministeren om at g\u00e5 ind i sagen.\u00ab<\/p>\n<p>Jewish Defense League beskrives af FBI som ekstremistisk og voldelig h\u00f8jreorienteret terroristgruppe i rapporten Terrorism 2000\/2001 fra det amerikanske justitsministerium.<\/p>\n<p><a href=\"http:\/\/www.p77.dk\/radikalisering\/69-radikalisering-danmark\/338-christiansborg-politiker-jeg-er-rystet\"><span style=\"text-decoration: underline;\"><strong>L\u00e6s mere p\u00e5 P77 HER<\/strong><\/span><\/a><\/p>\n<p><strong>For yderlig l\u00e6sning.<\/strong><\/p>\n<p><a href=\"http:\/\/df-nyt.dk\/?p=11605\"><span style=\"text-decoration: underline;\"><strong>Trykkeselskabs-formand i samarbejde med terrororganisation<\/strong><\/span><\/a><\/p>\n<p>&#038;nbsp<\/p>\n","protected":false},"excerpt":{"rendered":"<p>Lars Hedegaards forbindelse til terrorgruppen Jewish Defense League f\u00e5r nu Christiansborg-politikeren Kamal Qureshi p\u00e5 banen. Netavisen P77 kunne for f\u00e5 dage siden dokumentere, at Trykkefrihedsselskabets formand Lars Hedegaard til arrangementer i USA og Canada tjener penge ind til organisationen Jewish Defense League, som FBI karakteriserer som en &#8220;voldelig ekstremistisk h\u00f8jreorienteret terrorgruppe&#8221;. Hedegaards internationale trykkefrihedsselskab fremtr\u00e6der [&hellip;]<\/p>\n","protected":false},"author":10,"featured_media":0,"comment_status":"open","ping_status":"closed","sticky":false,"template":"","format":"standard","meta":{"footnotes":""},"categories":[1],"tags":[],"class_list":["post-11759","post","type-post","status-publish","format-standard","hentry","category-df-nyt-dk"],"_links":{"self":[{"href":"https:\/\/df-nyt.dk\/blog\/wp-json\/wp\/v2\/posts\/11759","targetHints":{"allow":["GET"]}}],"collection":[{"href":"https:\/\/df-nyt.dk\/blog\/wp-json\/wp\/v2\/posts"}],"about":[{"href":"https:\/\/df-nyt.dk\/blog\/wp-json\/wp\/v2\/types\/post"}],"author":[{"embeddable":true,"href":"https:\/\/df-nyt.dk\/blog\/wp-json\/wp\/v2\/users\/10"}],"replies":[{"embeddable":true,"href":"https:\/\/df-nyt.dk\/blog\/wp-json\/wp\/v2\/comments?post=11759"}],"version-history":[{"count":0,"href":"https:\/\/df-nyt.dk\/blog\/wp-json\/wp\/v2\/posts\/11759\/revisions"}],"wp:attachment":[{"href":"https:\/\/df-nyt.dk\/blog\/wp-json\/wp\/v2\/media?parent=11759"}],"wp:term":[{"taxonomy":"category","embeddable":true,"href":"https:\/\/df-nyt.dk\/blog\/wp-json\/wp\/v2\/categories?post=11759"},{"taxonomy":"post_tag","embeddable":true,"href":"https:\/\/df-nyt.dk\/blog\/wp-json\/wp\/v2\/tags?post=11759"}],"curies":[{"name":"wp","href":"https:\/\/api.w.org\/{rel}","templated":true}]}}