{"id":11778,"date":"2010-11-07T17:05:25","date_gmt":"2010-11-07T16:05:25","guid":{"rendered":"http:\/\/df-nyt.dk\/?p=11778"},"modified":"2025-07-19T09:38:19","modified_gmt":"2025-07-19T07:38:19","slug":"jette-plesner-dali-kaere-alle","status":"publish","type":"post","link":"https:\/\/df-nyt.dk\/blog\/jette-plesner-dali-kaere-alle\/","title":{"rendered":"Jette Plesner Dali K\u00e6re alle: &#8230;"},"content":{"rendered":"<p>Jette Plesner Dali K\u00e6re alle: \u2026<br \/>\njeg synes I bruger alt, alt for megen god energi p\u00e5 en af de v\u00e6rste slambloggere, der findes ..:-((<\/p>\n<p>Skriver Dansk Folkepartis Folketingsmedlem Jette Plesner Dali, p\u00e5 DR-bestyrelsesmedlem, Katrine Winkel Holms, v\u00e6g p\u00e5 webportalen FaceBook.<\/p>\n<p><img loading=\"lazy\" decoding=\"async\" class=\"size-full  alignnone\" src=\"https:\/\/df-nyt.dk\/\/wp-content\/uploads\/0711201016172.png\" alt=\"071120101617\" width=\"378\" height=\"51\" \/><\/p>\n<p>Det foreg\u00e5r naturligvis i en debattr\u00e5d som DR-bestyrelsesmedlem Katrine Winkel Holm oprettede, efter der var offentliggjort en artikel p\u00e5 <a href=\"https:\/\/p77.dk\/radikalisering\/69-radikalisering-danmark\/337-trykkeselskabs-formand-i-samarbejde-med-terrororganisation\" target=\"_blank\" rel=\"noopener noreferrer\"><span style=\"text-decoration: underline;\">Netmagasinet P77.dk<\/span><\/a>, skrevet af Christian Rask, med research af M.S. Hansen.<\/p>\n<p>I opl\u00e6gget af DR-bestyrelsesmedlem, Katrine Winkel Holm ser man en ligende farverig omtale af en person, som DR-bestyrelsesmedlem, Katrine Winkel Holm \u00a0kalder for &#8216;Monica S. Hansen&#8217;.<\/p>\n<p><img loading=\"lazy\" decoding=\"async\" class=\"size-full  alignnone\" src=\"https:\/\/df-nyt.dk\/\/wp-content\/uploads\/0511201013101.png\" alt=\"051120101310\" width=\"463\" height=\"157\" \/><\/p>\n<p>Det bem\u00e6rkelsv\u00e6rdige er naturligvis ikke at nogen, ud fra sprogbruget, kunne f\u00e5 indtryk af, &#8211; at Jette Plesner Dali og Katrine Winkel Holm m\u00e5ske er stamg\u00e6ster p\u00e5 det samme morgenv\u00e6rdshus, hvor de deler brandert og morgenkryddere medens de udvksler de nyeste fraverige sentenser som de har h\u00f8rt p\u00e5 nattens druktur.<\/p>\n<p>Forholder sig ikke til kritik<br \/>\nN\u00e6 &#8211; Det bem\u00e6rkelsesv\u00e6rdige er, at ingen af dem forholder sig til den kritik som er rejst i <a href=\"https:\/\/p77.dk\/radikalisering\/69-radikalisering-danmark\/337-trykkeselskabs-formand-i-samarbejde-med-terrororganisation\" target=\"_blank\" rel=\"noopener noreferrer\"><span style=\"text-decoration: underline;\"> artiklen p\u00e5 Netmagasinet P77.dk<\/span>,<\/a> med overskriften, &#8216;<a href=\"https:\/\/p77.dk\/radikalisering\/69-radikalisering-danmark\/337-trykkeselskabs-formand-i-samarbejde-med-terrororganisation\" target=\"_blank\" rel=\"noopener noreferrer\"><span style=\"text-decoration: underline;\">Trykkeselskabs-formand<\/span> i <span style=\"text-decoration: underline;\"> samarbejde med terrororganisation<\/span>&#8216;<\/a> &#8211; De fokusere udelukkende p\u00e5 at nedg\u00f8re et andet menneske.<\/p>\n<p>Derfor h\u00e5ber jeg fortsat at DR-bestyrelsesmedlem, Katrine Winkel Holm kan afs\u00e6tte tid til at svare p\u00e5 sp\u00f8rgsm\u00e5let: Hvori best\u00e5r l\u00f8gnen?<\/p>\n<p>Jeg kunne ogs\u00e5 godt t\u00e6nke mig at vide, om dit bestyrelsesarbejde i DR er p\u00e5virket af dit samarbejde med Lars Hedegaard. Det ville derfor gl\u00e6de mig um\u00e5deligt, hvis du i dit indl\u00e6g lige vil strejfe den problematik.<\/p>\n<p><em>Vh.<\/em><br \/>\nSend dit indl\u00e6g til mig<\/p>\n<p><img loading=\"lazy\" decoding=\"async\" class=\" alignnone\" src=\"https:\/\/df-nyt.dk\/\/wp-content\/uploads\/0711201001501.png\" alt=\"071120100150\" width=\"229\" height=\"162\" \/><\/p>\n<p>&#8220;N\u00e5r det er sagt, s\u00e5 er jeg &#8211; stadig &#8211; uglad for JDF, efter jeg blev bekendt med at de havde en terroristtaber i bestyrelsen. Det er vi alle i TFS.&#8221;<\/p>\n<p>Citat af Eva Toftegaard Selsing, bestyrelsesmedlem i Trykkefrihedsselskabet. den<\/p>\n<p>o5,11,2010. p\u00e5FaceBook (<a href=\"https:\/\/df-nyt.dk\/\/wp-content\/uploads\/250120132109.png\" target=\"_blank\" rel=\"noopener noreferrer\"><span style=\"text-decoration: underline;\"> Du kan se det p\u00e5 et screendump her<\/span><\/a>)<\/p>\n<p>Reference<br \/>\n<a href=\"https:\/\/p77.dk\/radikalisering\/69-radikalisering-danmark\/337-trykkeselskabs-formand-i-samarbejde-med-terrororganisation\" target=\"_blank\" rel=\"noopener noreferrer\"><span style=\"text-decoration: underline;\">Netmagasinet P77.dk &#8211; p77.dk\/radikalisering\/radikalisering-danmark<\/span><\/a> <\/p>\n<p>For yderlig l\u00e6sning.<\/p>\n<p><a href=\"https:\/\/df-nyt.dk\/?p=37766\" target=\"_blank\" rel=\"noopener noreferrer\"><span style=\"text-decoration: underline;\">Eva Agnete Selsing om, Europar\u00e5det som peger p\u00e5 racismeproblemer i Danmark<\/span><\/a><br \/>\n&nbsp;<br \/>\n<a href=\"https:\/\/df-nyt.dk\/?p=11738\" target=\"_blank\" rel=\"noopener noreferrer\"><span style=\"text-decoration: underline;\">Katrine Winkel Holm: S\u00e5 l\u00e6gger 180grader endnu engang avis til en afsindig l\u00f8gnehistorie om TFS-formand, Lars Hedegaard.<\/span><\/a><\/p>\n","protected":false},"excerpt":{"rendered":"<p>Jette Plesner Dali K\u00e6re alle: \u2026 jeg synes I bruger alt, alt for megen god energi p\u00e5 en af de v\u00e6rste slambloggere, der findes ..:-(( Skriver Dansk Folkepartis Folketingsmedlem Jette Plesner Dali, p\u00e5 DR-bestyrelsesmedlem, Katrine Winkel Holms, v\u00e6g p\u00e5 webportalen FaceBook. Det foreg\u00e5r naturligvis i en debattr\u00e5d som DR-bestyrelsesmedlem Katrine Winkel Holm oprettede, efter der [&hellip;]<\/p>\n","protected":false},"author":10,"featured_media":0,"comment_status":"open","ping_status":"closed","sticky":false,"template":"","format":"standard","meta":{"footnotes":""},"categories":[1],"tags":[],"class_list":["post-11778","post","type-post","status-publish","format-standard","hentry","category-df-nyt-dk"],"_links":{"self":[{"href":"https:\/\/df-nyt.dk\/blog\/wp-json\/wp\/v2\/posts\/11778","targetHints":{"allow":["GET"]}}],"collection":[{"href":"https:\/\/df-nyt.dk\/blog\/wp-json\/wp\/v2\/posts"}],"about":[{"href":"https:\/\/df-nyt.dk\/blog\/wp-json\/wp\/v2\/types\/post"}],"author":[{"embeddable":true,"href":"https:\/\/df-nyt.dk\/blog\/wp-json\/wp\/v2\/users\/10"}],"replies":[{"embeddable":true,"href":"https:\/\/df-nyt.dk\/blog\/wp-json\/wp\/v2\/comments?post=11778"}],"version-history":[{"count":4,"href":"https:\/\/df-nyt.dk\/blog\/wp-json\/wp\/v2\/posts\/11778\/revisions"}],"predecessor-version":[{"id":109197,"href":"https:\/\/df-nyt.dk\/blog\/wp-json\/wp\/v2\/posts\/11778\/revisions\/109197"}],"wp:attachment":[{"href":"https:\/\/df-nyt.dk\/blog\/wp-json\/wp\/v2\/media?parent=11778"}],"wp:term":[{"taxonomy":"category","embeddable":true,"href":"https:\/\/df-nyt.dk\/blog\/wp-json\/wp\/v2\/categories?post=11778"},{"taxonomy":"post_tag","embeddable":true,"href":"https:\/\/df-nyt.dk\/blog\/wp-json\/wp\/v2\/tags?post=11778"}],"curies":[{"name":"wp","href":"https:\/\/api.w.org\/{rel}","templated":true}]}}