{"id":11856,"date":"2010-11-09T19:37:33","date_gmt":"2010-11-09T18:37:33","guid":{"rendered":"http:\/\/df-nyt.dk\/?p=11856"},"modified":"2017-10-08T07:03:53","modified_gmt":"2017-10-08T05:03:53","slug":"trykkeselskabets-terror-samarbejde-mere-bredt","status":"publish","type":"post","link":"https:\/\/df-nyt.dk\/blog\/trykkeselskabets-terror-samarbejde-mere-bredt\/","title":{"rendered":"Trykkeselskabets terror-samarbejde mere bredt"},"content":{"rendered":"<p><strong><a href=\"https:\/\/df-nyt.dk\/blog\/wp-content\/uploads\/180320132338.png\"><img loading=\"lazy\" decoding=\"async\" class=\"alignleft size-full wp-image-48909\" src=\"https:\/\/df-nyt.dk\/blog\/wp-content\/uploads\/180320132338.png\" alt=\"180320132338\" width=\"242\" height=\"234\" \/><\/a><\/strong><\/p>\n<p>Trykkeselskabets terror-samarbejde mere bredt<\/p>\n<p>Trykkefrihedsselskabet og Lars Hedegaards samarbejde med den j\u00f8diske terrororganisation Jewish Defense League r\u00e6kker videre end blot et enkelt bes\u00f8g, som Hedegaard ellers pr\u00f8ver at give indtryk af.<\/p>\n<p>Skrevet af Margrethe S. Hansen og Christian Rask<\/p>\n<p>Efter det i sidste uge kom frem at Lars Hedegaard har samarbejdet med den voldelige h\u00f8jreekstremistiske terrorgruppe Jewish Defense League i forbindelse med foredrag i USA og Canada, har Trykkefrihedsselskabet haft travlt med at p\u00e5 \u00e9n gang at ben\u00e6gte alt og samtidig fjerne tegn p\u00e5 forbindelser til gruppen fra sit website.<\/p>\n<p>Det viser sig imidlertid at samarbejdet med JDL langt fra er et enkeltst\u00e5ende tilf\u00e6lde.<\/p>\n<p>B\u00e5de Lars Hedegaard og andre fremtr\u00e6dende medlemmer af Trykkefrihedsselskabet har ved gentagne lejligheder skaffet indtjening til terrorgruppen gennem f\u00e6llesarrangering og afholdelse af foredrag.<\/p>\n<p>Netavisen P77 beskrev i sidste uge, hvordan Trykkefrihedsselskabet optr\u00e6der som medarrang\u00f8r af en foredragsaften med Hedegaard og muhammedtegneren Lars Vilks i Canada.<\/p>\n<p>Arrangementet blev afholdt af organisationen Jewish Defense League , der af FBI beskrives som en kendt voldelig h\u00f8jreekstremistisk terrorgruppe med 15 angreb p\u00e5 amerikansk grund bag sig.<\/p>\n<p>Det har f\u00e5et Hedegaard til at reagere p\u00e5 websitet for Trykkefrihedsselskabets tidskrift Sappho, hvor han ved at karakterisere samarbejdet med JDL som \u00bbUfarlige forbindelser\u00ab fors\u00f8ger at tale hele sagen ned.<\/p>\n<p>\u00bbTuren i USA var arrangeret af Det Internationale Trykkefrihedsselskab (IFPS) i samarbejde med David Horowitz Freedom Center, mens det canadiske Trykkefrihedsselskab (IFPS-C) stod for logistikken i Canada.<\/p>\n<p>Netavisen P77 er dog i besiddelse af en plakat og pressemeddelelser fra blandt andet JDLs egen hjemmeside som klart viser, at der har v\u00e6ret et direkte samarbejde mellem Trykkefrihedsselskabet og Jewish Defense Leauge i Canada omkring Lars Vilks og hans bes\u00f8g i Toronto.<\/p>\n<p>Screenshots taget p\u00e5 Facebook af v\u00e6ggen tilh\u00f8rende den candadiske leder af JDL Mer Weinstein, ogs\u00e5 kendt under navnet Meir Halavi, dokumenterer ogs\u00e5 at arrangementet i Toronto var arrangeret i f\u00e6lleskab med JDL i Canada, skriver Margrethe S. Hansen og Christian Rask p\u00e5<strong> <span style=\"text-decoration: underline;\"><a href=\"http:\/\/www.p77.dk\/radikalisering\/69-radikalisering-danmark\/341-trykkeselskabets-terror-samarbejde-mere-bredt\" target=\"_blank\">netavisen P77.<\/a><\/span><\/strong><\/p>\n<p><a href=\"http:\/\/www.p77.dk\/radikalisering\/69-radikalisering-danmark\/341-trykkeselskabets-terror-samarbejde-mere-bredt\"><span style=\"text-decoration: underline;\"><strong>L\u00e6s mere &#8211; L\u00e6s det &#8211; HER &#8211; p\u00e5 P77 <\/strong><\/span><\/a><\/p>\n<p><strong>For yderlig l\u00e6sning.<\/strong><\/p>\n<p><a href=\"http:\/\/df-nyt.dk\/?p=11719\" target=\"_blank\"><span style=\"text-decoration: underline;\"><strong>Eksperter advarer mod Jewish Defence League<\/strong><\/span><\/a><\/p>\n<p>&nbsp;<br \/>\n<a href=\"http:\/\/df-nyt.dk\/?p=11738\" target=\"_blank\"><span style=\"text-decoration: underline;\"><strong>Katrine Winkel Holm: S\u00e5 l\u00e6gger 180grader endnu engang avis til en afsindig l\u00f8gnehistorie om TFS-formand, Lars Hedegaard. <\/strong><\/span><\/a><\/p>\n<p>&nbsp;<br \/>\n <a href=\"http:\/\/df-nyt.dk\/?p=11778\" target=\"_blank\"><span style=\"text-decoration: underline;\"><strong>Jette Plesner Dali K\u00e6re alle: \u2026<\/strong><\/span><\/a><br \/>\n&nbsp;<\/p>\n","protected":false},"excerpt":{"rendered":"<p>Trykkeselskabets terror-samarbejde mere bredt Trykkefrihedsselskabet og Lars Hedegaards samarbejde med den j\u00f8diske terrororganisation Jewish Defense League r\u00e6kker videre end blot et enkelt bes\u00f8g, som Hedegaard ellers pr\u00f8ver at give indtryk af. Skrevet af Margrethe S. Hansen og Christian Rask Efter det i sidste uge kom frem at Lars Hedegaard har samarbejdet med den voldelige h\u00f8jreekstremistiske [&hellip;]<\/p>\n","protected":false},"author":10,"featured_media":0,"comment_status":"open","ping_status":"closed","sticky":false,"template":"","format":"standard","meta":{"footnotes":""},"categories":[1],"tags":[],"class_list":["post-11856","post","type-post","status-publish","format-standard","hentry","category-df-nyt-dk"],"_links":{"self":[{"href":"https:\/\/df-nyt.dk\/blog\/wp-json\/wp\/v2\/posts\/11856","targetHints":{"allow":["GET"]}}],"collection":[{"href":"https:\/\/df-nyt.dk\/blog\/wp-json\/wp\/v2\/posts"}],"about":[{"href":"https:\/\/df-nyt.dk\/blog\/wp-json\/wp\/v2\/types\/post"}],"author":[{"embeddable":true,"href":"https:\/\/df-nyt.dk\/blog\/wp-json\/wp\/v2\/users\/10"}],"replies":[{"embeddable":true,"href":"https:\/\/df-nyt.dk\/blog\/wp-json\/wp\/v2\/comments?post=11856"}],"version-history":[{"count":0,"href":"https:\/\/df-nyt.dk\/blog\/wp-json\/wp\/v2\/posts\/11856\/revisions"}],"wp:attachment":[{"href":"https:\/\/df-nyt.dk\/blog\/wp-json\/wp\/v2\/media?parent=11856"}],"wp:term":[{"taxonomy":"category","embeddable":true,"href":"https:\/\/df-nyt.dk\/blog\/wp-json\/wp\/v2\/categories?post=11856"},{"taxonomy":"post_tag","embeddable":true,"href":"https:\/\/df-nyt.dk\/blog\/wp-json\/wp\/v2\/tags?post=11856"}],"curies":[{"name":"wp","href":"https:\/\/api.w.org\/{rel}","templated":true}]}}