{"id":11866,"date":"2010-11-10T14:51:10","date_gmt":"2010-11-10T13:51:10","guid":{"rendered":"http:\/\/df-nyt.dk\/?p=11866"},"modified":"2017-07-28T20:57:59","modified_gmt":"2017-07-28T18:57:59","slug":"nazimuldvarp-frygter-for-sit-liv","status":"publish","type":"post","link":"https:\/\/df-nyt.dk\/blog\/nazimuldvarp-frygter-for-sit-liv\/","title":{"rendered":"Nazimuldvarp frygter for sit liv"},"content":{"rendered":"<p><strong>Nazimuldvarp frygter for sit liv<\/strong><\/p>\n<p><strong><a href=\"https:\/\/df-nyt.dk\/blog\/wp-content\/uploads\/250620131558.png\"><img loading=\"lazy\" decoding=\"async\" class=\"alignleft size-full wp-image-51629\" src=\"https:\/\/df-nyt.dk\/blog\/wp-content\/uploads\/250620131558.png\" alt=\"250620131558\" width=\"245\" height=\"324\" \/><\/a><\/strong>Charlotte Johannsen frygter at blive dr\u00e6bt, hvis hun m\u00f8der de unge h\u00f8jreradikale, hun infiltrerede og nu har skrevet om i bogen &#8220;Forkl\u00e6dt som nazist &#8211; en \u00c5rhushistorie&#8221;<\/p>\n<p>Charlotte Johannsen var mandag i \u00c5rhus for f\u00f8rste gang, siden hun flygtede fra milj\u00f8et omkring White Pride og byens h\u00f8jreradikale unge for halvandet \u00e5r siden.<\/p>\n<p>Den 22-\u00e5rige pige var fra efter\u00e5ret 2008 til sommeren 2009 med i milj\u00f8et omkring unge h\u00f8jreradikale i \u00c5rhus og havde s\u00e5gar et, som hun selv beskriver det, &#8220;k\u00e6restelignende&#8221; forhold til en af personerne.<\/p>\n<p>Charlotte Johannsen blev efter eget udsagn venner med de h\u00f8jreradikale unge for at beskrive, hvordan de er, og hun har netop udgivet bogen &#8220;Forkl\u00e6dt som nazist &#8211; en \u00c5rhushistorie&#8221; om sine oplevelser.<\/p>\n<p>Charlotte Johannsen har f\u00e5et trusler p\u00e5 internettet, og hun er ikke i tvivl om, at hendes tidligere &#8220;venner&#8221; vil g\u00f8re alvor af truslerne, hvis de f\u00e5r muligheden. Skriver<a href=\"http:\/\/lokalavisen.dk\/nazimuldvarp-frygter-for-sit-liv\/20101110\/artikler\/311109998\/1877\"> lokalavisen.dk<\/a><\/p>\n<p>Det var borgmester Nicolai Wammen (S), der havde inviteret p\u00e5 frokost og \u00f8nskede at udtrykke sin st\u00f8tte og respekt for, at hun har skrevet og udgivet bogen om sin tid blandt h\u00f8jreradikale unge.<\/p>\n<p>&#8220;Jeg synes, det er modigt, at Charlotte har skrevet bogen og med sin egen personlige beretning er med til at fort\u00e6lle byens unge om, hvad det er for nogle typer, der f\u00e6rdes i de nynazistiske cirkler, og p\u00e5 den m\u00e5de advare unge om at lade sig headhunte,&#8221; siger Nicolai Wammen til<strong> <span style=\"text-decoration: underline;\"><a href=\"http:\/\/lokalavisen.dk\/nazimuldvarp-frygter-for-sit-liv\/20101110\/artikler\/311109998\/1877\">Lokalavisen.dk<\/a><\/span><\/strong><\/p>\n<p><strong>For yderlig l\u00e6sning.<\/strong><\/p>\n<p><span style=\"text-decoration: underline;\"><strong><a href=\"http:\/\/df-nyt.dk\/?p=11475\"> \u2018Forkl\u00e6dt som nazist \u2013 en \u00c5rhushistorie\u2019 \u2013 Til vejfest med \u2018barndommen\u2019<\/a><\/strong><\/span><\/p>\n<p>&nbsp;<\/p>\n<p><span style=\"text-decoration: underline;\"><strong><a href=\"http:\/\/df-nyt.dk\/?p=11270\">\u2018Forkl\u00e6dt som nazist \u2013 en \u00c5rhushistorie\u2019 med relationer til FaceBook<\/a><\/strong><\/span><\/p>\n<p>&nbsp;<br \/>\n<span style=\"text-decoration: underline;\"><strong><a href=\"http:\/\/www.p77.dk\/radikalisering\/69-radikalisering-danmark\/249-forklaedt-som-racist-pa-facebook-racisten-bjarke-jensen\">Forkl\u00e6dt som Racist p\u00e5 Facebook 1: Racisten Bjarke Jensen<\/a><\/strong><\/span><br \/>\n&nbsp;<\/p>\n","protected":false},"excerpt":{"rendered":"<p>Nazimuldvarp frygter for sit liv Charlotte Johannsen frygter at blive dr\u00e6bt, hvis hun m\u00f8der de unge h\u00f8jreradikale, hun infiltrerede og nu har skrevet om i bogen &#8220;Forkl\u00e6dt som nazist &#8211; en \u00c5rhushistorie&#8221; Charlotte Johannsen var mandag i \u00c5rhus for f\u00f8rste gang, siden hun flygtede fra milj\u00f8et omkring White Pride og byens h\u00f8jreradikale unge for halvandet [&hellip;]<\/p>\n","protected":false},"author":10,"featured_media":0,"comment_status":"open","ping_status":"closed","sticky":false,"template":"","format":"standard","meta":{"footnotes":""},"categories":[1],"tags":[],"class_list":["post-11866","post","type-post","status-publish","format-standard","hentry","category-df-nyt-dk"],"_links":{"self":[{"href":"https:\/\/df-nyt.dk\/blog\/wp-json\/wp\/v2\/posts\/11866","targetHints":{"allow":["GET"]}}],"collection":[{"href":"https:\/\/df-nyt.dk\/blog\/wp-json\/wp\/v2\/posts"}],"about":[{"href":"https:\/\/df-nyt.dk\/blog\/wp-json\/wp\/v2\/types\/post"}],"author":[{"embeddable":true,"href":"https:\/\/df-nyt.dk\/blog\/wp-json\/wp\/v2\/users\/10"}],"replies":[{"embeddable":true,"href":"https:\/\/df-nyt.dk\/blog\/wp-json\/wp\/v2\/comments?post=11866"}],"version-history":[{"count":0,"href":"https:\/\/df-nyt.dk\/blog\/wp-json\/wp\/v2\/posts\/11866\/revisions"}],"wp:attachment":[{"href":"https:\/\/df-nyt.dk\/blog\/wp-json\/wp\/v2\/media?parent=11866"}],"wp:term":[{"taxonomy":"category","embeddable":true,"href":"https:\/\/df-nyt.dk\/blog\/wp-json\/wp\/v2\/categories?post=11866"},{"taxonomy":"post_tag","embeddable":true,"href":"https:\/\/df-nyt.dk\/blog\/wp-json\/wp\/v2\/tags?post=11866"}],"curies":[{"name":"wp","href":"https:\/\/api.w.org\/{rel}","templated":true}]}}