{"id":11876,"date":"2010-11-10T18:12:36","date_gmt":"2010-11-10T17:12:36","guid":{"rendered":"http:\/\/df-nyt.dk\/?p=11876"},"modified":"2025-07-08T16:48:09","modified_gmt":"2025-07-08T14:48:09","slug":"forkl%c3%a6dt-som-racist-pa-facebook-1-racisten-bjarke-jensen-2","status":"publish","type":"post","link":"https:\/\/df-nyt.dk\/blog\/forkl%c3%a6dt-som-racist-pa-facebook-1-racisten-bjarke-jensen-2\/","title":{"rendered":"Forkl\u00e6dt som Racist p\u00e5 Facebook 1: Racisten Bjarke Jensen"},"content":{"rendered":"<p><img loading=\"lazy\" decoding=\"async\" class=\"size-full alignleft\" src=\"https:\/\/df-nyt.dk\/wp-content\/uploads\/300420131011.png\" alt=\"\" width=\"261\" height=\"228\" \/><br \/>\n&nbsp;<br \/>\nBloggeren Margrethe S. Hansen har i en m\u00e5ned v\u00e6re under cover hos de mest h\u00e5rde danske h\u00f8jreradikale grupper p\u00e5 webportalen Facebook.<\/p>\n<p>I en artikelserie fort\u00e6ller hun om, hvad der foreg\u00e5r bag kulisserne i danske h\u00f8jreradikale milj\u00f8 p\u00e5 Facebook og hvordan de arbejder.<\/p>\n<p>Som politisk blogger og debatt\u00f8r i offentligheden har jeg blandt andet belyst nogle af de h\u00f8jreradikale grupperinger i vort samfund.<\/p>\n<p>Derfor har gennem \u00e5rene v\u00e6nnet mig til, at et vist m\u00e5l af hademails, telefonopkald, d\u00f8dstrusler og andet slags chikane h\u00f8re med til det at v\u00e6re blogger.<\/p>\n<p>Jeg har efterh\u00e5nden en ikke helt ubetydelig billedsamling af v\u00e5ben fra oversavede jagtgev\u00e6rer, pumpguns og pistoler i min indbakke, gerne holdt af vrede m\u00e6nd uden meget h\u00e5r p\u00e5 hovedet, der ser p\u00e5 mig gennem kameraet.<\/p>\n<p>Men desv\u00e6rre er truslerne mod mig og min familie eksaleret, i takt med at flere og flere danskere er s\u00f8gt ind p\u00e5 det sociale netv\u00e6rk Facebook.<\/p>\n<p>Og truslerne er blevet mere direkte og konkrete.<br \/>\nHadet er blevet vendt fra det \u00bblort\u00ab jeg skriver til min person.<\/p>\n<p>Jeg er en \u00bblandsforr\u00e6der\u00ab der \u00bbskal d\u00f8\u00bb\u00ab p\u00e5 et eller andet tidspunkt i fremtiden, ofte \u00bbn\u00e5r vi f\u00e5r magten\u00ab.<\/p>\n<p>Det er sv\u00e6rt at hamle op mod den slags direkte trusler, n\u00e5r det tager til.<br \/>\nOg politiet kan have sv\u00e6rt ved at h\u00e5ndtere og efterforske den slags forbrydelser.<\/p>\n<p>Mange holder op med at bruge Facebook og Internettet n\u00e5r de f\u00e5r d\u00f8dstrusler fra ukendte, der opererer i det skjulte.<\/p>\n<p>Efter m\u00e5neders chikane beslutter jeg at de ikke skal slippe afsted med det.<br \/>\nI stedet for at vende ryggen til beslutter jeg mig for at give igen ved at infiltrere deres grupper p\u00e5 Facebook for at f\u00e5 information om dem, og finde ud af hvem der er onde nok til at g\u00f8re den slags ting.<\/p>\n<p>Resultatet er ikke udeblevet.<br \/>\nP\u00e5 bare en m\u00e5ned er jeg kommet ind til nogle af de mest rabiate anti-muslimer og racister p\u00e5 Facebook.<\/p>\n<p>Jeg blev et betroet medlem i flere hemmelige racistiske grupper.<br \/>\nJeg blev inviteret ind i inderkredsen af den antimuslimske gruppe SIAD, der arbejder p\u00e5 at komme i Folketinget.<\/p>\n<p>Jeg blev endda udn\u00e6vnt til administrator for en hadegruppe dedikeret til mig selv.<\/p>\n<p>Her er min historie om, hvordan jeg kom bag kulisserne i det danske h\u00f8jreradikale milj\u00f8 p\u00e5 Facebook, et inblik i hvem de er og hvordan de arbejder.<\/p>\n<p>Reference<br \/>\n<a href=\"https:\/\/p77.dk\/radikalisering\/69-radikalisering-danmark\/249-forklaedt-som-racist-pa-facebook-racisten-bjarke-jensen\" target=\"_blank\" rel=\"noopener noreferrer\"><span style=\"text-decoration: underline\">Netavisen P77.dk \/\/p77.dk\/radikalisering\/radikalisering-danmark\/-forklaedt-som-racist-pa-facebook-racisten-bjarke-jensen<\/span><\/a><\/p>\n<p>For yderlig l\u00e6sning<\/p>\n<p><a href=\"https:\/\/p77.dk\/radikalisering\/69-radikalisering-danmark\/249-forklaedt-som-racist-pa-facebook-racisten-bjarke-jensen\" target=\"_blank\" rel=\"noopener noreferrer\"><span style=\"text-decoration: underline\">Netavisen, P77.dk &#8211; \/\/p77.dk\/ -Historien om Racisten Bjarke Jensen<\/span><\/a><br \/>\n&nbsp;<\/p>\n","protected":false},"excerpt":{"rendered":"<p>&nbsp; Bloggeren Margrethe S. Hansen har i en m\u00e5ned v\u00e6re under cover hos de mest h\u00e5rde danske h\u00f8jreradikale grupper p\u00e5 webportalen Facebook. I en artikelserie fort\u00e6ller hun om, hvad der foreg\u00e5r bag kulisserne i danske h\u00f8jreradikale milj\u00f8 p\u00e5 Facebook og hvordan de arbejder. Som politisk blogger og debatt\u00f8r i offentligheden har jeg blandt andet belyst [&hellip;]<\/p>\n","protected":false},"author":10,"featured_media":0,"comment_status":"open","ping_status":"closed","sticky":false,"template":"","format":"standard","meta":{"footnotes":""},"categories":[1],"tags":[],"class_list":["post-11876","post","type-post","status-publish","format-standard","hentry","category-df-nyt-dk"],"_links":{"self":[{"href":"https:\/\/df-nyt.dk\/blog\/wp-json\/wp\/v2\/posts\/11876","targetHints":{"allow":["GET"]}}],"collection":[{"href":"https:\/\/df-nyt.dk\/blog\/wp-json\/wp\/v2\/posts"}],"about":[{"href":"https:\/\/df-nyt.dk\/blog\/wp-json\/wp\/v2\/types\/post"}],"author":[{"embeddable":true,"href":"https:\/\/df-nyt.dk\/blog\/wp-json\/wp\/v2\/users\/10"}],"replies":[{"embeddable":true,"href":"https:\/\/df-nyt.dk\/blog\/wp-json\/wp\/v2\/comments?post=11876"}],"version-history":[{"count":6,"href":"https:\/\/df-nyt.dk\/blog\/wp-json\/wp\/v2\/posts\/11876\/revisions"}],"predecessor-version":[{"id":108776,"href":"https:\/\/df-nyt.dk\/blog\/wp-json\/wp\/v2\/posts\/11876\/revisions\/108776"}],"wp:attachment":[{"href":"https:\/\/df-nyt.dk\/blog\/wp-json\/wp\/v2\/media?parent=11876"}],"wp:term":[{"taxonomy":"category","embeddable":true,"href":"https:\/\/df-nyt.dk\/blog\/wp-json\/wp\/v2\/categories?post=11876"},{"taxonomy":"post_tag","embeddable":true,"href":"https:\/\/df-nyt.dk\/blog\/wp-json\/wp\/v2\/tags?post=11876"}],"curies":[{"name":"wp","href":"https:\/\/api.w.org\/{rel}","templated":true}]}}