{"id":11880,"date":"2010-11-10T20:37:29","date_gmt":"2010-11-10T19:37:29","guid":{"rendered":"http:\/\/df-nyt.dk\/?p=11880"},"modified":"2024-10-05T14:40:25","modified_gmt":"2024-10-05T12:40:25","slug":"psykisk-syge-soldater-sendes-til-krigen-i-afghanistan","status":"publish","type":"post","link":"https:\/\/df-nyt.dk\/blog\/psykisk-syge-soldater-sendes-til-krigen-i-afghanistan\/","title":{"rendered":"Psykisk syge soldater sendes til Krigen i Afghanistan"},"content":{"rendered":"<p><img loading=\"lazy\" decoding=\"async\" class=\"alignleft size-full \" src=\"https:\/\/df-nyt.dk\/\/wp-content\/uploads\/1011201020231.png\" alt=\"101120102023\" width=\"234\" height=\"297\" \/><\/p>\n<p>P\u00e5 trods af advarsler og risiko for alvorlige konsekvenser sender forsvaret psykisk syge soldater tilbage til Afghanistan.<\/p>\n<p>Danske soldater bliver sendt tilbage til Afghanistan, selv om de lider af krigstraumer, stressymptomer og alarmerende adf\u00e6rd, skriver bladet Kommunen<\/p>\n<p>Flere kilder i Forsvaret fort\u00e6ller, at soldaternes overordnede er blevet advaret om, at de er ustabile og burde blive hjemme.<\/p>\n<p>L\u00f8b med et skarpladt v\u00e5ben<br \/>\nKorporal Bjarke Jensen, som er s\u00e5kaldt &#8220;spotter&#8221; ved Slagelse Kaserne beretter om et tilf\u00e6lde, hvor en af disse udsendte soldater efterf\u00f8lgende l\u00f8b rundt midt om natten og truede resten af lejren med et skarpladt v\u00e5ben.<\/p>\n<p>Han blev overmandet, men det kunne have haft alvorlige konsekvenser.<\/p>\n<p>&#8211; Du kan jo ikke stole p\u00e5, hvordan en psykisk ustabil person vil handle i en given situation, siger Bjarke Jensen til \/\/kommunen.dk<\/p>\n<p>Enhedslistens forsvarsordf\u00f8rer, Frank Aaen, har nu bedt forsvarsminister Gitte Lillelund Bech (V) om en kommentar til oplysningerne i bladet, &#8211; ligesom han efterlyser sikkerhed for, at oplagt psykisk syge soldater f\u00e5r hj\u00e6lp i stedet for at blive sendt tilbage til Afghanistan.<\/p>\n<p>Reference<br \/>\nHjemmesiden \/\/kommunen.dk<\/p>\n<p>For yderlig l\u00e6sning<\/p>\n<p><a href=\"https:\/\/df-nyt.dk\/?p=9680\" target=\"_blank\" rel=\"noopener noreferrer\"><span style=\"text-decoration: underline;\">Danske soldater har det af helvede til<\/span><\/a><br \/>\n&nbsp;<br \/>\n<a href=\"https:\/\/df-nyt.dk\/?p=11101\/\" target=\"_blank\" rel=\"noopener noreferrer\"><span style=\"text-decoration: underline;\">N\u00e6sten 600 milit\u00e6re d\u00f8dsfald i Afghanistan i \u00e5r<\/span><\/a><br \/>\n&nbsp;<\/p>\n","protected":false},"excerpt":{"rendered":"<p>P\u00e5 trods af advarsler og risiko for alvorlige konsekvenser sender forsvaret psykisk syge soldater tilbage til Afghanistan. Danske soldater bliver sendt tilbage til Afghanistan, selv om de lider af krigstraumer, stressymptomer og alarmerende adf\u00e6rd, skriver bladet Kommunen Flere kilder i Forsvaret fort\u00e6ller, at soldaternes overordnede er blevet advaret om, at de er ustabile og burde [&hellip;]<\/p>\n","protected":false},"author":10,"featured_media":0,"comment_status":"open","ping_status":"closed","sticky":false,"template":"","format":"standard","meta":{"footnotes":""},"categories":[1],"tags":[],"class_list":["post-11880","post","type-post","status-publish","format-standard","hentry","category-df-nyt-dk"],"_links":{"self":[{"href":"https:\/\/df-nyt.dk\/blog\/wp-json\/wp\/v2\/posts\/11880","targetHints":{"allow":["GET"]}}],"collection":[{"href":"https:\/\/df-nyt.dk\/blog\/wp-json\/wp\/v2\/posts"}],"about":[{"href":"https:\/\/df-nyt.dk\/blog\/wp-json\/wp\/v2\/types\/post"}],"author":[{"embeddable":true,"href":"https:\/\/df-nyt.dk\/blog\/wp-json\/wp\/v2\/users\/10"}],"replies":[{"embeddable":true,"href":"https:\/\/df-nyt.dk\/blog\/wp-json\/wp\/v2\/comments?post=11880"}],"version-history":[{"count":1,"href":"https:\/\/df-nyt.dk\/blog\/wp-json\/wp\/v2\/posts\/11880\/revisions"}],"predecessor-version":[{"id":105164,"href":"https:\/\/df-nyt.dk\/blog\/wp-json\/wp\/v2\/posts\/11880\/revisions\/105164"}],"wp:attachment":[{"href":"https:\/\/df-nyt.dk\/blog\/wp-json\/wp\/v2\/media?parent=11880"}],"wp:term":[{"taxonomy":"category","embeddable":true,"href":"https:\/\/df-nyt.dk\/blog\/wp-json\/wp\/v2\/categories?post=11880"},{"taxonomy":"post_tag","embeddable":true,"href":"https:\/\/df-nyt.dk\/blog\/wp-json\/wp\/v2\/tags?post=11880"}],"curies":[{"name":"wp","href":"https:\/\/api.w.org\/{rel}","templated":true}]}}