{"id":11887,"date":"2010-11-11T08:29:20","date_gmt":"2010-11-11T07:29:20","guid":{"rendered":"http:\/\/df-nyt.dk\/?p=11887"},"modified":"2025-07-14T05:45:14","modified_gmt":"2025-07-14T03:45:14","slug":"massiv-opbakning-til-trykkefrihedsselskabets-formand","status":"publish","type":"post","link":"https:\/\/df-nyt.dk\/blog\/massiv-opbakning-til-trykkefrihedsselskabets-formand\/","title":{"rendered":"Massiv opbakning til Trykkefrihedsselskabets formand Lars Hedegaard"},"content":{"rendered":"<p>Massiv opbakning til Trykkefrihedsselskabets formand Lars Hedegaard<\/p>\n<p><img loading=\"lazy\" decoding=\"async\" class=\"wp-image-11904 size-full alignleft\" title=\"111120101514\" src=\"https:\/\/df-nyt.dk\/blog\/wp-content\/uploads\/111120101514.png\" width=\"238\" height=\"212\" \/><\/p>\n<p>Den kommer ikke uventet fra en mand som har s\u00e5 omfattende en straffeattest, at han kan udgive den som bog.<\/p>\n<p>Med bilag fra retsprotokollerne, s\u00e5 r\u00e6kker det vel til at kunne blive historien om en adf\u00e6rdsvanskelig samfunds- og volds &#8211; pestilens, som har mange ofre p\u00e5 samvittigheden.<\/p>\n<p>I flere \u00e5r var han en loyal &#8216;underdog&#8217; hos Anders Gravers, og deltager i hans sm\u00e5 happenings.<br \/>\n\/\/www.balder.org:80\/presse\/Demonstration-Aalborg-Michael-Ellegaard-Frit-Danmark-040306.php&#8221;<\/p>\n<p>Det kan du l\u00e6se mere om <a href=\"http:\/\/siadinfo.blogspot.com\/\">Det kan du l\u00e6se mere om hjemmesiden \/\/siadinfo.blogspot.com\/&#8221; <\/a><\/p>\n<p>Sidst, Frit Danmark-formand Michael Ellegaard fik lidt medieopm\u00e6rksomhed var i forbindelse med kommunalvalget.<br \/>\nDet kan du l\u00e6se mere om (kommunalvalg 2009)<br \/>\n\/\/www.redox.dk:80\/spip.php?article754&#8243;<br \/>\nOg &#8211; (kommunalvalg 2005)<br \/>\n\/\/www.fyens.dk\/article\/556000:Odense&#8211;Frit-Danmark-leder-ladt-alene-i-valgkampen&#8221;<\/p>\n<p><img loading=\"lazy\" decoding=\"async\" class=\" alignleft\" title=\"081120101505\" src=\"https:\/\/df-nyt.dk\/blog\/wp-content\/uploads\/081120101505.png\" alt=\"\" width=\"253\" height=\"301\" \/><br \/>\n&#8220;Formanden for foreningen Frit Danmark, Michael Ellegaard, er enig med Trykkefrihedsselskabets formand, Lars Hedegaard. Muslimerne er i krig med Danmark.&#8221; Skriver Simon Wedege p\u00e5 <a href=\"http:\/\/www.p77.dk\/radikalisering\/69-radikalisering-danmark\/340-frit-danmark-muslimerne-er-i-krig-med-danmark\">netavisen P77.dk<\/a><\/p>\n<p>S\u00e5 nu m\u00e5 Trykkefrihedsselskabets formand Lars Hedegaard, da v\u00e6re stolt.<br \/>\nSammen, kan duoen Lars &amp; Michael ride ud over stepperne som den sindrige ridder Don Quixote og Sancho Panza.<\/p>\n<p>L\u00e6s ogs\u00e5:<br \/>\n<a href=\"http:\/\/df-nyt.dk\/?p=11856\"><span style=\"text-decoration: underline;\">Trykkeselskabets terror-samarbejde mere bredt <\/span><\/a><br \/>\n&nbsp;<br \/>\n<a href=\"http:\/\/df-nyt.dk\/?p=11738\"><span style=\"text-decoration: underline;\">Katrine Winkel Holm: S\u00e5 l\u00e6gger 180grader endnu engang avis til en afsindig l\u00f8gnehistorie om TFS-formand, Lars Hedegaard. <\/span><\/a><br \/>\n&nbsp;<\/p>\n","protected":false},"excerpt":{"rendered":"<p>Massiv opbakning til Trykkefrihedsselskabets formand Lars Hedegaard Den kommer ikke uventet fra en mand som har s\u00e5 omfattende en straffeattest, at han kan udgive den som bog. Med bilag fra retsprotokollerne, s\u00e5 r\u00e6kker det vel til at kunne blive historien om en adf\u00e6rdsvanskelig samfunds- og volds &#8211; pestilens, som har mange ofre p\u00e5 samvittigheden. I [&hellip;]<\/p>\n","protected":false},"author":10,"featured_media":0,"comment_status":"open","ping_status":"closed","sticky":false,"template":"","format":"standard","meta":{"footnotes":""},"categories":[1],"tags":[],"class_list":["post-11887","post","type-post","status-publish","format-standard","hentry","category-df-nyt-dk"],"_links":{"self":[{"href":"https:\/\/df-nyt.dk\/blog\/wp-json\/wp\/v2\/posts\/11887","targetHints":{"allow":["GET"]}}],"collection":[{"href":"https:\/\/df-nyt.dk\/blog\/wp-json\/wp\/v2\/posts"}],"about":[{"href":"https:\/\/df-nyt.dk\/blog\/wp-json\/wp\/v2\/types\/post"}],"author":[{"embeddable":true,"href":"https:\/\/df-nyt.dk\/blog\/wp-json\/wp\/v2\/users\/10"}],"replies":[{"embeddable":true,"href":"https:\/\/df-nyt.dk\/blog\/wp-json\/wp\/v2\/comments?post=11887"}],"version-history":[{"count":6,"href":"https:\/\/df-nyt.dk\/blog\/wp-json\/wp\/v2\/posts\/11887\/revisions"}],"predecessor-version":[{"id":96815,"href":"https:\/\/df-nyt.dk\/blog\/wp-json\/wp\/v2\/posts\/11887\/revisions\/96815"}],"wp:attachment":[{"href":"https:\/\/df-nyt.dk\/blog\/wp-json\/wp\/v2\/media?parent=11887"}],"wp:term":[{"taxonomy":"category","embeddable":true,"href":"https:\/\/df-nyt.dk\/blog\/wp-json\/wp\/v2\/categories?post=11887"},{"taxonomy":"post_tag","embeddable":true,"href":"https:\/\/df-nyt.dk\/blog\/wp-json\/wp\/v2\/tags?post=11887"}],"curies":[{"name":"wp","href":"https:\/\/api.w.org\/{rel}","templated":true}]}}