{"id":11942,"date":"2010-11-13T09:25:59","date_gmt":"2010-11-13T08:25:59","guid":{"rendered":"http:\/\/df-nyt.dk\/?p=11942"},"modified":"2026-01-10T17:37:59","modified_gmt":"2026-01-10T16:37:59","slug":"11942","status":"publish","type":"post","link":"https:\/\/df-nyt.dk\/blog\/11942\/","title":{"rendered":"Vederlag for sin Sj\u00e6l"},"content":{"rendered":"<p><iframe loading=\"lazy\" src=\"https:\/\/youtube.com\/embed\/MnjUnw6UZ48? \" width=\"400\" height=\"225\" frameborder=\"0\" allowfullscreen=\"allowfullscreen\"><\/iframe><\/p>\n<p><img loading=\"lazy\" decoding=\"async\" class=\"alignleft  size-full\" title=\"271020100720\" src=\"https:\/\/df-nyt.dk\/\/wp-content\/uploads\/271020100720.png\" alt=\"\" width=\"150\" height=\"142\" \/><br \/>\nDe racistiske udtalelser som menigmand tidligere udtale, med b\u00f8jet hoved og langt fra offentligheden er i dag blevet almindelige. <\/p>\n<p>Tonen har \u00e6ndret sig de sidste 10 \u00e5r.<br \/>\nFolk f\u00f8ler ikke l\u00e6nger skam ved at kalde andre for &#8220;perkere&#8221;, samfundsnassere eller give muslimerne som helhed skylden for alt her i landet.<\/p>\n<p>Pia Kj\u00e6rsgaard og pr\u00e6stef\u00e6trene kan mene hvad de vil, men mediernes hj\u00e6lp i hendes korstog mod dem hun ikke bryder sig om var og er en sk\u00e6ndsel.<\/p>\n<p>Velvillige og uden den mindste kritik har medierne viderbragt alt hvad der kom fra den kant.<\/p>\n<p>Hvis medierne skulle leve op til deres selvskabte idealbillede af sig selv som v\u00e6rende samfundets og humanismens vogtere overfor magthaverne skulle de i stedet g\u00e5 massivt til angreb p\u00e5 denne trent i tiden.<\/p>\n<p>Derfor f\u00f8ler almindelige mennesker ikke l\u00e6ngere nogen skam n\u00e5r de udstiller deres intolerance offentligt.<\/p>\n<p>De seneste dage har vist at der heldigvis er nogen der ikke tier og k\u00e6mper imod.<\/p>\n<p>Dansk Folkeparti har med den nye udl\u00e6ndingeaftale vist, at partiet stadig ikke er stuerent, siger tidligere statsminister Poul Nyrup Rasmussen og erkl\u00e6rer, at han stadig st\u00e5r ved sin udtalelse om Dansk Folkeparti fra 1999.<\/p>\n<p>Henrik Dam Kristensen fra S-ledelsen erkl\u00e6rer sig uenig med Nyrup, og Dansk Folkepartis leder, Pia Kj\u00e6rsgaard, ryster p\u00e5 hovedet.<\/p>\n<p>S og SF ledelsen tror, at bare de logrer nok med halen for Pia Kj\u00e6rsgaard s\u00e5 kan de snuppe nogle af deres gamle v\u00e6lgere tilbage og m\u00e5ske lave det hele om n\u00e5r de f\u00e5r regeringsmagten.<\/p>\n<p>Jeg syntes ikke det er den rigtige taktik for som Matth\u00e6us siger i 16 26: Thi hvad gavner det et Menneske, om han vinder den hele Verden, men m\u00e5 b\u00f8de med sin Sj\u00e6l?<\/p>\n<p><a href=\"https:\/\/per4jensen.wordpress.com\/2010\/11\/\" target=\"_blank\" rel=\"noopener noreferrer\"><span style=\"color: blue;\"><u> L\u00e6s mere p\u00e5 Per Jensen.dk<\/u><\/span><\/a><br \/>\n&nbsp;<\/p>\n","protected":false},"excerpt":{"rendered":"<p>De racistiske udtalelser som menigmand tidligere udtale, med b\u00f8jet hoved og langt fra offentligheden er i dag blevet almindelige. Tonen har \u00e6ndret sig de sidste 10 \u00e5r. Folk f\u00f8ler ikke l\u00e6nger skam ved at kalde andre for &#8220;perkere&#8221;, samfundsnassere eller give muslimerne som helhed skylden for alt her i landet. Pia Kj\u00e6rsgaard og pr\u00e6stef\u00e6trene kan [&hellip;]<\/p>\n","protected":false},"author":10,"featured_media":0,"comment_status":"open","ping_status":"closed","sticky":false,"template":"","format":"standard","meta":{"footnotes":""},"categories":[1],"tags":[],"class_list":["post-11942","post","type-post","status-publish","format-standard","hentry","category-df-nyt-dk"],"_links":{"self":[{"href":"https:\/\/df-nyt.dk\/blog\/wp-json\/wp\/v2\/posts\/11942","targetHints":{"allow":["GET"]}}],"collection":[{"href":"https:\/\/df-nyt.dk\/blog\/wp-json\/wp\/v2\/posts"}],"about":[{"href":"https:\/\/df-nyt.dk\/blog\/wp-json\/wp\/v2\/types\/post"}],"author":[{"embeddable":true,"href":"https:\/\/df-nyt.dk\/blog\/wp-json\/wp\/v2\/users\/10"}],"replies":[{"embeddable":true,"href":"https:\/\/df-nyt.dk\/blog\/wp-json\/wp\/v2\/comments?post=11942"}],"version-history":[{"count":3,"href":"https:\/\/df-nyt.dk\/blog\/wp-json\/wp\/v2\/posts\/11942\/revisions"}],"predecessor-version":[{"id":111105,"href":"https:\/\/df-nyt.dk\/blog\/wp-json\/wp\/v2\/posts\/11942\/revisions\/111105"}],"wp:attachment":[{"href":"https:\/\/df-nyt.dk\/blog\/wp-json\/wp\/v2\/media?parent=11942"}],"wp:term":[{"taxonomy":"category","embeddable":true,"href":"https:\/\/df-nyt.dk\/blog\/wp-json\/wp\/v2\/categories?post=11942"},{"taxonomy":"post_tag","embeddable":true,"href":"https:\/\/df-nyt.dk\/blog\/wp-json\/wp\/v2\/tags?post=11942"}],"curies":[{"name":"wp","href":"https:\/\/api.w.org\/{rel}","templated":true}]}}