{"id":11986,"date":"2010-11-14T13:09:48","date_gmt":"2010-11-14T12:09:48","guid":{"rendered":"http:\/\/df-nyt.dk\/?p=11986"},"modified":"2018-07-07T17:51:58","modified_gmt":"2018-07-07T15:51:58","slug":"df-presser-nu-vk-regeringen-til-at-indf%c3%b8re-slaveri","status":"publish","type":"post","link":"https:\/\/df-nyt.dk\/blog\/df-presser-nu-vk-regeringen-til-at-indf%c3%b8re-slaveri\/","title":{"rendered":"DF presser nu VK-regeringen til at indf\u00f8re slaveri"},"content":{"rendered":"<p><a href=\"https:\/\/df-nyt.dk\/blog\/wp-content\/uploads\/230220131559.png\"><img loading=\"lazy\" decoding=\"async\" class=\"alignleft size-full wp-image-47827\" src=\"https:\/\/df-nyt.dk\/blog\/wp-content\/uploads\/230220131559.png\" alt=\"230220131559\" width=\"228\" height=\"175\" \/><\/a>Venstre er umiddelbart positive overfor ideen, men de konservative t\u00f8ver.<\/p>\n<p>Skriver LARS KONZACK<\/p>\n<p>Muligheden for at indf\u00f8re slaveri er afg\u00f8rende for, at DF fortsat skal st\u00f8tte regeringens \u00f8konomiske politik.<\/p>\n<p>S\u00e5 der er lagt op til et voldsomt opg\u00f8r med regeringens hidtige kurs p\u00e5 dette omr\u00e5de.<\/p>\n<p>\u00bbDanmark er en stolt demokratisk nation med h\u00f8j grad af tolerance.<\/p>\n<p>Derfor b\u00f8r vi ogs\u00e5 tolerere, at vi fremover lader folk, der kommer her til landet optr\u00e6de som slaver for is\u00e6r de \u00e6ldre\u00ab, siger Dansk Folkepartis leder, Pia Kj\u00e6rsgaard.<\/p>\n<p>Dette f\u00f8lges op af S\u00f8ren Espersen:<br \/>\n\u00bbJeg synes, det er ret rystende, at vi ikke for l\u00e6ngst har genindf\u00f8rt slaveriet.<br \/>\nVore stolte vikingeforf\u00e6dre tog tr\u00e6lle, og dengang var det ikke unormalt, at<br \/>\nfremmede der kommer her til landet p\u00e5 den m\u00e5de var slaver p\u00e5 ubestemt tid\u00ab.<\/p>\n<p>Venstres politiske ordf\u00f8rer Peter Christensen udtaler, at man skam er \u00e5bne overfor alle muligheder, der kan sende flere ledige i arbejde, Skriver Lars Konzack p\u00e5 <a href=\"http:\/\/www.kommunikationsforum.dk\/lars-konzack\/blog\/regeringen-overvejer-at-indfoere-slaveri\" target=\"_blank\" rel=\"noopener\">K-Forum<\/a><\/p>\n<p><a href=\"http:\/\/www.kommunikationsforum.dk\/lars-konzack\/blog\/regeringen-overvejer-at-indfoere-slaveri\"><span style=\"text-decoration: underline;\"><strong>L\u00e6s mere HER<\/strong><\/span><\/a><\/p>\n<p>\u00bbDet handler ikke om antallet af slaver.<br \/>\nDet handler om princippet. Om, at man kommer til at se mere af den slags i fremtiden.<\/p>\n<p>Det ser man i Mellem\u00f8sten, og det, der sker i Mellem\u00f8sten, smitter af i Danmark, \u00ab siger Naser Khader.<br \/>\nHan ser det som en mulighed at indf\u00f8re slaveri i Danmark, hvis det kan v\u00e6re med til at forhindre,<br \/>\nat Danmark udvikler sig til et islamistisk diktatur&#8230;<\/p>\n<p>&nbsp;<br \/>\n<a href=\"http:\/\/www.kommunikationsforum.dk\/lars-konzack\/blog\/regeringen-overvejer-at-indfoere-slaveri\"><span style=\"text-decoration: underline;\"><strong>L\u00e6s mere &#8211; L\u00e6s det HER <\/strong><\/span><\/a><\/p>\n<p>&nbsp;<\/p>\n","protected":false},"excerpt":{"rendered":"<p>Venstre er umiddelbart positive overfor ideen, men de konservative t\u00f8ver. Skriver LARS KONZACK Muligheden for at indf\u00f8re slaveri er afg\u00f8rende for, at DF fortsat skal st\u00f8tte regeringens \u00f8konomiske politik. S\u00e5 der er lagt op til et voldsomt opg\u00f8r med regeringens hidtige kurs p\u00e5 dette omr\u00e5de. \u00bbDanmark er en stolt demokratisk nation med h\u00f8j grad af [&hellip;]<\/p>\n","protected":false},"author":10,"featured_media":0,"comment_status":"open","ping_status":"closed","sticky":false,"template":"","format":"standard","meta":{"footnotes":""},"categories":[1],"tags":[],"class_list":["post-11986","post","type-post","status-publish","format-standard","hentry","category-df-nyt-dk"],"_links":{"self":[{"href":"https:\/\/df-nyt.dk\/blog\/wp-json\/wp\/v2\/posts\/11986","targetHints":{"allow":["GET"]}}],"collection":[{"href":"https:\/\/df-nyt.dk\/blog\/wp-json\/wp\/v2\/posts"}],"about":[{"href":"https:\/\/df-nyt.dk\/blog\/wp-json\/wp\/v2\/types\/post"}],"author":[{"embeddable":true,"href":"https:\/\/df-nyt.dk\/blog\/wp-json\/wp\/v2\/users\/10"}],"replies":[{"embeddable":true,"href":"https:\/\/df-nyt.dk\/blog\/wp-json\/wp\/v2\/comments?post=11986"}],"version-history":[{"count":2,"href":"https:\/\/df-nyt.dk\/blog\/wp-json\/wp\/v2\/posts\/11986\/revisions"}],"predecessor-version":[{"id":97507,"href":"https:\/\/df-nyt.dk\/blog\/wp-json\/wp\/v2\/posts\/11986\/revisions\/97507"}],"wp:attachment":[{"href":"https:\/\/df-nyt.dk\/blog\/wp-json\/wp\/v2\/media?parent=11986"}],"wp:term":[{"taxonomy":"category","embeddable":true,"href":"https:\/\/df-nyt.dk\/blog\/wp-json\/wp\/v2\/categories?post=11986"},{"taxonomy":"post_tag","embeddable":true,"href":"https:\/\/df-nyt.dk\/blog\/wp-json\/wp\/v2\/tags?post=11986"}],"curies":[{"name":"wp","href":"https:\/\/api.w.org\/{rel}","templated":true}]}}