{"id":11992,"date":"2010-11-14T13:54:48","date_gmt":"2010-11-14T12:54:48","guid":{"rendered":"http:\/\/df-nyt.dk\/?p=11992"},"modified":"2025-07-08T16:46:38","modified_gmt":"2025-07-08T14:46:38","slug":"forsvaret-sendte-depressiv-soldat-til-afghanistan","status":"publish","type":"post","link":"https:\/\/df-nyt.dk\/blog\/forsvaret-sendte-depressiv-soldat-til-afghanistan\/","title":{"rendered":"Forsvaret sendte depressiv soldat til Afghanistan"},"content":{"rendered":"<p>Forsvaret sendte depressiv soldat til Afghanistan<br \/>\nHer tog han sit eget liv.<\/p>\n<p>Oversergent John Mogensen begyndte at drikke, han isolerede sig, &#8211; og bare tre uger f\u00f8r sin udsendelse til Afghanistan meldte han sig ind i Folkekirken. Skriver dagbladet Berlinske<br \/>\n\/\/www.b.dk\/krigen\/advarsler-om-selvmord-overhoert&#8221; <\/p>\n<p> &#8211;\u00a0Og forts\u00e6tter med b.la.<br \/>\nHans forlovede advarede Forsvaret mod at sende den deprimerede John Mogensen i krig, men i stedet for hj\u00e6lp fik han en reprimande af sin chef og besked p\u00e5 at \u00bbtage sig sammen\u00ab.<\/p>\n<p>I december 2004 satte den 49-\u00e5rige John Mogensen sin tjenestepistol for panden og sk\u00f8d sig selv i lejren i Afghanistan.<\/p>\n<p>I Berlingske Tidendes nye bog \u00bbDe faldne\u00ab fort\u00e6ller hans forlovede for f\u00f8rste gang om advarslerne, der blev ignoreret:<\/p>\n<p>\u00bbDe forstod ingenting. John var meget, meget ked af det og dybt depressiv, da de sendte ham til Afghanistan,\u00ab siger Rebecca Andersen.<\/p>\n<p>Hun har selv tidligere arbejdet 33 \u00e5r i Forsvaret, og advarsler af den karakter b\u00f8r tages meget alvorligt, og de er ikke enest\u00e5ende lyder det fra soldaternes tillidsfolk.<\/p>\n<p>\/\/www.berlingske.dk:80\/krigen\/advarsler-om-selvmord-overhoert&#8221;<br \/>\nL\u00e6s mere DER<\/p>\n<p>For yderlig l\u00e6sning.<\/p>\n<p><a href=\"http:\/\/df-nyt.dk\/?p=11880\" target=\"_blank\" rel=\"noopener\"><span style=\"text-decoration: underline;\">Psykisk syge soldater sendes til Krigen i Afghanistan <\/span><\/a><br \/>\n&nbsp;<br \/>\n<a href=\"http:\/\/df-nyt.dk\/?p=11318\" target=\"_blank\" rel=\"noopener\"><span style=\"text-decoration: underline;\">Formand i Dansk Folkeparti til debatm\u00f8de if\u00f8rt uniform, camouflaget\u00f8j og store milit\u00e6rst\u00f8vler <\/span><\/a><br \/>\n&nbsp;<br \/>\n<a href=\"http:\/\/df-nyt.dk\/?p=10578\" target=\"_blank\" rel=\"noopener\"><span style=\"text-decoration: underline;\">Ekstrabladet: Forsvaret pisser p\u00e5 os <\/span><\/a><br \/>\n&nbsp;<br \/>\n<a href=\"http:\/\/df-nyt.dk\/?p=11178\" target=\"_blank\" rel=\"noopener\"><span style=\"text-decoration: underline;\">Jesper Aagaard Nielsen: \u201ckrigen var absolut ikke mine to ben v\u00e6rd\u201d<\/span><\/a><br \/>\n&nbsp;<\/p>\n","protected":false},"excerpt":{"rendered":"<p>Forsvaret sendte depressiv soldat til Afghanistan Her tog han sit eget liv. Oversergent John Mogensen begyndte at drikke, han isolerede sig, &#8211; og bare tre uger f\u00f8r sin udsendelse til Afghanistan meldte han sig ind i Folkekirken. Skriver dagbladet Berlinske \/\/www.b.dk\/krigen\/advarsler-om-selvmord-overhoert&#8221; &#8211;\u00a0Og forts\u00e6tter med b.la. Hans forlovede advarede Forsvaret mod at sende den deprimerede John [&hellip;]<\/p>\n","protected":false},"author":10,"featured_media":0,"comment_status":"open","ping_status":"closed","sticky":false,"template":"","format":"standard","meta":{"footnotes":""},"categories":[1],"tags":[],"class_list":["post-11992","post","type-post","status-publish","format-standard","hentry","category-df-nyt-dk"],"_links":{"self":[{"href":"https:\/\/df-nyt.dk\/blog\/wp-json\/wp\/v2\/posts\/11992","targetHints":{"allow":["GET"]}}],"collection":[{"href":"https:\/\/df-nyt.dk\/blog\/wp-json\/wp\/v2\/posts"}],"about":[{"href":"https:\/\/df-nyt.dk\/blog\/wp-json\/wp\/v2\/types\/post"}],"author":[{"embeddable":true,"href":"https:\/\/df-nyt.dk\/blog\/wp-json\/wp\/v2\/users\/10"}],"replies":[{"embeddable":true,"href":"https:\/\/df-nyt.dk\/blog\/wp-json\/wp\/v2\/comments?post=11992"}],"version-history":[{"count":3,"href":"https:\/\/df-nyt.dk\/blog\/wp-json\/wp\/v2\/posts\/11992\/revisions"}],"predecessor-version":[{"id":108774,"href":"https:\/\/df-nyt.dk\/blog\/wp-json\/wp\/v2\/posts\/11992\/revisions\/108774"}],"wp:attachment":[{"href":"https:\/\/df-nyt.dk\/blog\/wp-json\/wp\/v2\/media?parent=11992"}],"wp:term":[{"taxonomy":"category","embeddable":true,"href":"https:\/\/df-nyt.dk\/blog\/wp-json\/wp\/v2\/categories?post=11992"},{"taxonomy":"post_tag","embeddable":true,"href":"https:\/\/df-nyt.dk\/blog\/wp-json\/wp\/v2\/tags?post=11992"}],"curies":[{"name":"wp","href":"https:\/\/api.w.org\/{rel}","templated":true}]}}