{"id":12004,"date":"2010-11-14T15:54:11","date_gmt":"2010-11-14T14:54:11","guid":{"rendered":"http:\/\/df-nyt.dk\/?p=12004"},"modified":"2026-01-06T05:40:33","modified_gmt":"2026-01-06T04:40:33","slug":"igen-i-dag-blev-en-dansk-soldat-dr%c3%a6bt-i-afghanistan","status":"publish","type":"post","link":"https:\/\/df-nyt.dk\/blog\/igen-i-dag-blev-en-dansk-soldat-dr%c3%a6bt-i-afghanistan\/","title":{"rendered":"Igen i dag blev en Dansk soldat dr\u00e6bt i Afghanistan"},"content":{"rendered":"<p>AFGHANISTAN, Helmand:<\/p>\n<p>En dansk soldat blev i dag dr\u00e6bt af en improviseret spr\u00e6ngladning og en lokal tolk blev s\u00e5ret, \u00f8st for Gereshk.<\/p>\n<p>Den n\u00e6rmeste familie til soldaten er underrettet.<br \/>\nHer til morgen blev en dansk soldat dr\u00e6bt, da han sammen med sin enhed og afghanske sikkerhedsstyrker, var indsat i en afsiddet operativ opgave (Fodpatrulje) i omr\u00e5det \u00f8st for Gereshk.<\/p>\n<p>Enheden kom fra Bravo-kompagniet, udsendt fra Den Kongelige Livgarde i H\u00f8velte.<\/p>\n<p>Ved samme h\u00e6ndelse blev en lokal tolk s\u00e5ret.<br \/>\nSoldaten og den lokale tolk blev evakueret med helikopter til felthospitalet i Camp Bastion.<\/p>\n<p><img loading=\"lazy\" decoding=\"async\" class=\" size-full alignleft\" title=\"141120101801\" src=\"https:\/\/df-nyt.dk\/blog\/wp-content\/uploads\/141120101801.png\" width=\"113\" height=\"179\" \/><\/p>\n<p>Ved ankomst til felthospitalet blev soldaten erkl\u00e6ret d\u00f8d.<\/p>\n<p>Den lokale tolk er fortsat p\u00e5 felthospitalet. Kilde: HOK<br \/>\nJ\u00f8rgen Randrup blev indkaldt til forsvaret i 2003. og har v\u00e6ret udsendt til Kosovo i 2005, Afghanistan i 2007.<br \/>\nJ\u00f8rgen Randrup blev 27 \u00e5r og efterlader sin mor og far, s\u00f8ster og en k\u00e6reste. Kilde HOK.<br \/>\nJ\u00f8rgen blev det 39. Danske offer for krigen.<br \/>\nIalt blev fem soldater fra de NATO-ledet styrker i Afghanistan dr\u00e6bt s\u00f8ndag, samt tre afghanske politifolk Kilde: Associated Press\/The New York Times<br \/>\nL\u00e6s ogs\u00e5:<\/p>\n<p><a href=\"http:\/\/df-nyt.dk\/?p=11178\">Jesper Aagaard Nielsen: \u201ckrigen var absolut ikke mine to ben v\u00e6rd\u201d <\/a><\/p>\n<p><a href=\"http:\/\/df-nyt.dk\/?p=11992\">Forsvaret sendte depressiv soldat til Afghanistan <\/a><\/p>\n<p><a href=\"http:\/\/df-nyt.dk\/?p=11318\">Formand i Dansk Folkeparti til debatm\u00f8de if\u00f8rt uniform, camouflaget\u00f8j og store milit\u00e6rst\u00f8vler <\/a><\/p>\n<p>********************************************<\/p>\n","protected":false},"excerpt":{"rendered":"<p>AFGHANISTAN, Helmand: En dansk soldat blev i dag dr\u00e6bt af en improviseret spr\u00e6ngladning og en lokal tolk blev s\u00e5ret, \u00f8st for Gereshk. Den n\u00e6rmeste familie til soldaten er underrettet. Her til morgen blev en dansk soldat dr\u00e6bt, da han sammen med sin enhed og afghanske sikkerhedsstyrker, var indsat i en afsiddet operativ opgave (Fodpatrulje) i [&hellip;]<\/p>\n","protected":false},"author":10,"featured_media":0,"comment_status":"open","ping_status":"closed","sticky":false,"template":"","format":"aside","meta":{"footnotes":""},"categories":[1],"tags":[],"class_list":["post-12004","post","type-post","status-publish","format-aside","hentry","category-df-nyt-dk","post_format-post-format-aside"],"_links":{"self":[{"href":"https:\/\/df-nyt.dk\/blog\/wp-json\/wp\/v2\/posts\/12004","targetHints":{"allow":["GET"]}}],"collection":[{"href":"https:\/\/df-nyt.dk\/blog\/wp-json\/wp\/v2\/posts"}],"about":[{"href":"https:\/\/df-nyt.dk\/blog\/wp-json\/wp\/v2\/types\/post"}],"author":[{"embeddable":true,"href":"https:\/\/df-nyt.dk\/blog\/wp-json\/wp\/v2\/users\/10"}],"replies":[{"embeddable":true,"href":"https:\/\/df-nyt.dk\/blog\/wp-json\/wp\/v2\/comments?post=12004"}],"version-history":[{"count":6,"href":"https:\/\/df-nyt.dk\/blog\/wp-json\/wp\/v2\/posts\/12004\/revisions"}],"predecessor-version":[{"id":110844,"href":"https:\/\/df-nyt.dk\/blog\/wp-json\/wp\/v2\/posts\/12004\/revisions\/110844"}],"wp:attachment":[{"href":"https:\/\/df-nyt.dk\/blog\/wp-json\/wp\/v2\/media?parent=12004"}],"wp:term":[{"taxonomy":"category","embeddable":true,"href":"https:\/\/df-nyt.dk\/blog\/wp-json\/wp\/v2\/categories?post=12004"},{"taxonomy":"post_tag","embeddable":true,"href":"https:\/\/df-nyt.dk\/blog\/wp-json\/wp\/v2\/tags?post=12004"}],"curies":[{"name":"wp","href":"https:\/\/api.w.org\/{rel}","templated":true}]}}