{"id":12021,"date":"2010-11-14T21:50:35","date_gmt":"2010-11-14T20:50:35","guid":{"rendered":"http:\/\/df-nyt.dk\/?p=12021"},"modified":"2024-10-18T23:05:11","modified_gmt":"2024-10-18T21:05:11","slug":"regeringen-slagter-enhedsskolen","status":"publish","type":"post","link":"https:\/\/df-nyt.dk\/blog\/regeringen-slagter-enhedsskolen\/","title":{"rendered":"Regeringen slagter Enhedsskolen"},"content":{"rendered":"<p><img loading=\"lazy\" decoding=\"async\" class=\"alignleft size-full \" src=\"https:\/\/df-nyt.dk\/\/wp-content\/uploads\/1411201021491.png\" alt=\"141120102149\" width=\"277\" height=\"210\" \/><\/p>\n<p>Regeringen slagter Enhedsskolen<br \/>\nBortset fra afskaffelse af revselsesretten er enhedsskolen formentligt det st\u00f8rste spring fremad for folkeskolen og dermed for fundamentet af hele det danske uddannelsessystem. Skriver SF i sin pressemeddelelse<br \/>\n\u2013og fors\u00e6tter<br \/>\nIndtil slutningen af tresserne var b\u00f8rns sk\u00e6bne reelt afgjort allerede ved skolestarten, og den uddannelses struktur passede fint til et statisk samfund, hvor enhver blev ved sit job til pensionsalderen.<\/p>\n<p>Men nu tager regeringen et k\u00e6mpeskridt bagl\u00e6ns \u2013 tilbage til en skole fra industrisamfundets tid.<\/p>\n<p>Ved at lempe mulighederne for at opdele klasser i s\u00e5kaldt boglige og ikke boglige niveauer alts\u00e5 om man skal i Gymnasiet eller ej, s\u00e5 har vi reelt \u00e5bnet for at genindf\u00f8re realskolen.<\/p>\n<p>Samtidigt \u00e5bnes der for at opdele de mindste klasser i st\u00e6rke og svage klasser.<\/p>\n<p>Regeringen er ved at lovgive p\u00e5 tv\u00e6rs af al viden og forskning om skole og l\u00e6ring.<br \/>\nEnhedsskolen bliver smadret og mange \u00e5rs forskning ignoreres.<\/p>\n<p>Vi skal \u00e5benbart ikke bare v\u00e6re fattige, vi skal ogs\u00e5 v\u00e6re dumme,<br \/>\nSkriver Pernille Frahm i sin pressemeddelse<\/p>\n<p>For yderlig l\u00e6sning<\/p>\n<p><a href=\"http:\/\/sf.dk\/\" target=\"_blank\" rel=\"noopener noreferrer\"><u>Se seneste nyt fra SF her<\/u><\/a><br \/>\n&nbsp;<br \/>\n<a href=\"https:\/\/df-nyt.dk\/?p=11691\" target=\"_blank\" rel=\"noopener noreferrer\"><span style=\"text-decoration: underline\">Kulturministeren kaldes i samr\u00e5d om bibliotekslukninger!<\/span><\/a><br \/>\n&nbsp;<\/p>\n","protected":false},"excerpt":{"rendered":"<p>Regeringen slagter Enhedsskolen Bortset fra afskaffelse af revselsesretten er enhedsskolen formentligt det st\u00f8rste spring fremad for folkeskolen og dermed for fundamentet af hele det danske uddannelsessystem. Skriver SF i sin pressemeddelelse \u2013og fors\u00e6tter Indtil slutningen af tresserne var b\u00f8rns sk\u00e6bne reelt afgjort allerede ved skolestarten, og den uddannelses struktur passede fint til et statisk samfund, [&hellip;]<\/p>\n","protected":false},"author":10,"featured_media":0,"comment_status":"open","ping_status":"closed","sticky":false,"template":"","format":"standard","meta":{"footnotes":""},"categories":[1],"tags":[],"class_list":["post-12021","post","type-post","status-publish","format-standard","hentry","category-df-nyt-dk"],"_links":{"self":[{"href":"https:\/\/df-nyt.dk\/blog\/wp-json\/wp\/v2\/posts\/12021","targetHints":{"allow":["GET"]}}],"collection":[{"href":"https:\/\/df-nyt.dk\/blog\/wp-json\/wp\/v2\/posts"}],"about":[{"href":"https:\/\/df-nyt.dk\/blog\/wp-json\/wp\/v2\/types\/post"}],"author":[{"embeddable":true,"href":"https:\/\/df-nyt.dk\/blog\/wp-json\/wp\/v2\/users\/10"}],"replies":[{"embeddable":true,"href":"https:\/\/df-nyt.dk\/blog\/wp-json\/wp\/v2\/comments?post=12021"}],"version-history":[{"count":2,"href":"https:\/\/df-nyt.dk\/blog\/wp-json\/wp\/v2\/posts\/12021\/revisions"}],"predecessor-version":[{"id":105787,"href":"https:\/\/df-nyt.dk\/blog\/wp-json\/wp\/v2\/posts\/12021\/revisions\/105787"}],"wp:attachment":[{"href":"https:\/\/df-nyt.dk\/blog\/wp-json\/wp\/v2\/media?parent=12021"}],"wp:term":[{"taxonomy":"category","embeddable":true,"href":"https:\/\/df-nyt.dk\/blog\/wp-json\/wp\/v2\/categories?post=12021"},{"taxonomy":"post_tag","embeddable":true,"href":"https:\/\/df-nyt.dk\/blog\/wp-json\/wp\/v2\/tags?post=12021"}],"curies":[{"name":"wp","href":"https:\/\/api.w.org\/{rel}","templated":true}]}}