{"id":12048,"date":"2010-11-15T19:40:47","date_gmt":"2010-11-15T18:40:47","guid":{"rendered":"http:\/\/df-nyt.dk\/?p=12048"},"modified":"2024-09-07T23:46:02","modified_gmt":"2024-09-07T21:46:02","slug":"spidskandidaterne-for-liberal-alliance-er-ikke-dygtige-nok","status":"publish","type":"post","link":"https:\/\/df-nyt.dk\/blog\/spidskandidaterne-for-liberal-alliance-er-ikke-dygtige-nok\/","title":{"rendered":"Spidskandidater i Liberal Alliance ikke dygtig nok"},"content":{"rendered":"<p><strong><a href=\"https:\/\/df-nyt.dk\/blog\/wp-content\/uploads\/120320131105.png\"><img loading=\"lazy\" decoding=\"async\" class=\"alignleft size-full wp-image-48611\" src=\"https:\/\/df-nyt.dk\/blog\/wp-content\/uploads\/120320131105.png\" alt=\"120320131105\" width=\"287\" height=\"265\" \/><\/a><\/strong><\/p>\n<p>&nbsp;<\/p>\n<p>&nbsp;<\/p>\n<p>&nbsp;<\/p>\n<p>Spidskandidater i Liberal Alliance ikke dygtig nok<\/p>\n<p>Mener &#8211; Caspar Rose, som skulle have stillet op til folketingsvalget for Liberal Alliance i K\u00f8benhavns Storkreds, &#8211; og som nu har trukket sit kandidatur.<\/p>\n<p>Skriver Caspar Rose, p\u00e5 sin blog p\u00e5 internetavisen 180grader<br \/>\nhttp:\/\/www.180grader.dk \/Politik\/derfor-har-jeg-valgt-at-traekke-mig-som-folketingskandidat-for-la<\/p>\n<p>&nbsp;<\/p>\n<p>Og forts\u00e6tter med b.la.<\/p>\n<p>Flere af partiets spidskandidater er nemlig ikke fagligt dygtige nok, forklarer han p\u00e5 sin blog hos <span style=\"text-decoration: underline;\"><a href=\"http:\/\/www.180grader.dk\/Politik\/derfor-har-jeg-valgt-at-traekke-mig-som-folketingskandidat-for-la\">internetavisen 180<\/a><\/span> grader.<\/p>\n<p>Blandt spidskandidaterne finder man udover partistifteren og folketingsmedlem Simon Emil Ammitzb\u00f8ll blandt andre, redakt\u00f8r Ole Birk Olesen, som er stifter af den liberale internetavis 180 grader; &#8211; pressechef Anne Sophia Hermansen, som er kendt af flere for sine optr\u00e6dener i DR 2-programmet Smagsdommerne, Joachim B. Olsen og Merete Riisager.<\/p>\n<p><strong>Caspar Rose blev i sin tid selv n\u00e6vnt som muligt emne som spidskandidat.<\/strong><\/p>\n<p>&#8220;Vi har behov for velkvalificerede kandidater, der har en solid viden om partiets fire m\u00e6rkesager dvs. h\u00f8jere \u00f8konomisk v\u00e6kst, en mere effektiv offentlig sektor, lavere skatter samt mere personlig frihed.<\/p>\n<p>Jeg er ikke ekspert i vores m\u00e6rkesager, men det er en afg\u00f8rende foruds\u00e6tning, at vi fagligt set er solidt kl\u00e6dt p\u00e5, n\u00e5r valgkampens argumenter skal underbygges over for en kritisk presse.<\/p>\n<p>Dette f\u00f8ler jeg ikke er tilf\u00e6ldet med alle vores spidskandidater, Skriver Caspar Rose p\u00e5<strong> <a href=\"http:\/\/www.180grader.dk\/Politik\/derfor-har-jeg-valgt-at-traekke-mig-som-folketingskandidat-for-la\"><span style=\"text-decoration: underline;\">Netavisen 180grader<\/span>.<\/a><\/strong><\/p>\n<p>Caspar Rose arbejder til daglig som professor p\u00e5 CBS, Center p\u00e5 Corporate Governance.<\/p>\n<p>&#8211; Det m\u00e5 godt nok ogs\u00e5 v\u00e6re sv\u00e6rt at forklare. &#8211;<\/p>\n<p><a href=\"http:\/\/df-nyt.dk\/?p=11950\" target=\"_blank\" rel=\"noopener\"><span style=\"text-decoration: underline;\">L\u00e6s mere &#8230;HER<\/span><\/a><br \/>\n&nbsp;<\/p>\n","protected":false},"excerpt":{"rendered":"<p>&nbsp; &nbsp; &nbsp; Spidskandidater i Liberal Alliance ikke dygtig nok Mener &#8211; Caspar Rose, som skulle have stillet op til folketingsvalget for Liberal Alliance i K\u00f8benhavns Storkreds, &#8211; og som nu har trukket sit kandidatur. Skriver Caspar Rose, p\u00e5 sin blog p\u00e5 internetavisen 180grader http:\/\/www.180grader.dk \/Politik\/derfor-har-jeg-valgt-at-traekke-mig-som-folketingskandidat-for-la &nbsp; Og forts\u00e6tter med b.la. Flere af partiets spidskandidater [&hellip;]<\/p>\n","protected":false},"author":10,"featured_media":0,"comment_status":"open","ping_status":"closed","sticky":false,"template":"","format":"standard","meta":{"footnotes":""},"categories":[1],"tags":[],"class_list":["post-12048","post","type-post","status-publish","format-standard","hentry","category-df-nyt-dk"],"_links":{"self":[{"href":"https:\/\/df-nyt.dk\/blog\/wp-json\/wp\/v2\/posts\/12048","targetHints":{"allow":["GET"]}}],"collection":[{"href":"https:\/\/df-nyt.dk\/blog\/wp-json\/wp\/v2\/posts"}],"about":[{"href":"https:\/\/df-nyt.dk\/blog\/wp-json\/wp\/v2\/types\/post"}],"author":[{"embeddable":true,"href":"https:\/\/df-nyt.dk\/blog\/wp-json\/wp\/v2\/users\/10"}],"replies":[{"embeddable":true,"href":"https:\/\/df-nyt.dk\/blog\/wp-json\/wp\/v2\/comments?post=12048"}],"version-history":[{"count":3,"href":"https:\/\/df-nyt.dk\/blog\/wp-json\/wp\/v2\/posts\/12048\/revisions"}],"predecessor-version":[{"id":104323,"href":"https:\/\/df-nyt.dk\/blog\/wp-json\/wp\/v2\/posts\/12048\/revisions\/104323"}],"wp:attachment":[{"href":"https:\/\/df-nyt.dk\/blog\/wp-json\/wp\/v2\/media?parent=12048"}],"wp:term":[{"taxonomy":"category","embeddable":true,"href":"https:\/\/df-nyt.dk\/blog\/wp-json\/wp\/v2\/categories?post=12048"},{"taxonomy":"post_tag","embeddable":true,"href":"https:\/\/df-nyt.dk\/blog\/wp-json\/wp\/v2\/tags?post=12048"}],"curies":[{"name":"wp","href":"https:\/\/api.w.org\/{rel}","templated":true}]}}