{"id":12084,"date":"2010-11-16T20:23:50","date_gmt":"2010-11-16T19:23:50","guid":{"rendered":"http:\/\/df-nyt.dk\/?p=12084"},"modified":"2024-10-31T13:19:19","modified_gmt":"2024-10-31T12:19:19","slug":"den-dag-gr%c3%a6d-hun-da-jobcentret-havde-sendt-hende-til-en-ny-sakaldt-anden-akt%c3%b8r","status":"publish","type":"post","link":"https:\/\/df-nyt.dk\/blog\/den-dag-gr%c3%a6d-hun-da-jobcentret-havde-sendt-hende-til-en-ny-sakaldt-anden-akt%c3%b8r\/","title":{"rendered":"Den dag gr\u00e6d hun, Jobcentret havde sendt hende til en ny &#8216;anden akt\u00f8r&#8217; &#8230;"},"content":{"rendered":"<p><img loading=\"lazy\" decoding=\"async\" class=\"alignnone  \" src=\"https:\/\/df-nyt.dk\/\/wp-content\/uploads\/161120102021-e1397574651288.png\" alt=\"161120102021\" width=\"208\" height=\"208\" \/><\/p>\n<p>Hendes raske h\u00e5nd \u00f8delagt i arbejdspr\u00f8vning<\/p>\n<p>Sygemeldt med en \u00f8delagt h\u00e5nd.<br \/>\nSendt i arbejdspr\u00f8vning, som \u00f8delagde hendes anden h\u00e5nd.<\/p>\n<p>Afslag p\u00e5 f\u00f8rtidspension \u2013 og nu sendt i ny arbejdspr\u00f8vning med to ubrugelige h\u00e6nder.<\/p>\n<p>Hun fatter det ikke selv.<br \/>\nEngang imellem gr\u00e6der hun.<\/p>\n<p>I arbejdspr\u00f8vning med to \u00f8delagte h\u00e6nder<br \/>\nSYGE I KLEMME (16)<\/p>\n<p>Den dag gr\u00e6d hun.<br \/>\nDet var den dag, da Jobcentret havde sendt hende til en ny s\u00e5kaldt anden akt\u00f8r, TUC-Job, der kort og godt meddelte, at alt, hvad den forhenv\u00e6rende anden akt\u00f8r, Job.dk, havde gjort, var ulovligt.<\/p>\n<p>S\u00e5 det var om igen.<br \/>\n&#8220;Det var f\u00f8rste gang, jeg vr\u00e6lede&#8221;, siger 54-\u00e5rige Rie Hansen, Sk\u00e5rup. Det har hun gjort flere gange siden.<\/p>\n<p>Gr\u00e6dt.<br \/>\nSenest, da Pensionsudvalget i Svendborg Kommune i august sagde nej til at give hende f\u00f8rtidspension og i stedet kr\u00e6vede hende i en ny arbejdspr\u00f8vning.<\/p>\n<p>Med to n\u00e6rmest totalt \u00f8delagte h\u00e6nder er hun nu sendt i sin tredje arbejdspr\u00f8vning med fokus p\u00e5 de faglige kompetencer, hun har.<\/p>\n<p>Rie Hansen er maskinarbejder \u2013 der ligger hendes &#8220;faglige kompetencer&#8221;.<br \/>\nI et fag, hvor man skal bruge sine h\u00e6nder.<\/p>\n<p>&#8220;Hvordan skal jeg kunne det?<br \/>\nJeg kan stort set ikke bruge mine h\u00e6nder&#8221;, siger Rie Henriksen, der engang imellem tror, det hele er en ond dr\u00f8m.<\/p>\n<p>Det er det ikke.<br \/>\nDet er virkeligheden i Svendborg Kommune 2010.<br \/>\nSkriver Frede Jakobsen p\u00e5\u00a0\/\/svendborgsnetavis.dk \/?p=2827 &#8211; Svendborgs NetAvis.<\/p>\n<p>En kommune, -hvor politikken er helt i overensstemmelse med Dansk Folkeparti og VK-regeringens<br \/>\n&nbsp;<\/p>\n","protected":false},"excerpt":{"rendered":"<p>Hendes raske h\u00e5nd \u00f8delagt i arbejdspr\u00f8vning Sygemeldt med en \u00f8delagt h\u00e5nd. Sendt i arbejdspr\u00f8vning, som \u00f8delagde hendes anden h\u00e5nd. Afslag p\u00e5 f\u00f8rtidspension \u2013 og nu sendt i ny arbejdspr\u00f8vning med to ubrugelige h\u00e6nder. Hun fatter det ikke selv. Engang imellem gr\u00e6der hun. I arbejdspr\u00f8vning med to \u00f8delagte h\u00e6nder SYGE I KLEMME (16) Den dag gr\u00e6d [&hellip;]<\/p>\n","protected":false},"author":10,"featured_media":0,"comment_status":"open","ping_status":"closed","sticky":false,"template":"","format":"standard","meta":{"footnotes":""},"categories":[1],"tags":[],"class_list":["post-12084","post","type-post","status-publish","format-standard","hentry","category-df-nyt-dk"],"_links":{"self":[{"href":"https:\/\/df-nyt.dk\/blog\/wp-json\/wp\/v2\/posts\/12084","targetHints":{"allow":["GET"]}}],"collection":[{"href":"https:\/\/df-nyt.dk\/blog\/wp-json\/wp\/v2\/posts"}],"about":[{"href":"https:\/\/df-nyt.dk\/blog\/wp-json\/wp\/v2\/types\/post"}],"author":[{"embeddable":true,"href":"https:\/\/df-nyt.dk\/blog\/wp-json\/wp\/v2\/users\/10"}],"replies":[{"embeddable":true,"href":"https:\/\/df-nyt.dk\/blog\/wp-json\/wp\/v2\/comments?post=12084"}],"version-history":[{"count":4,"href":"https:\/\/df-nyt.dk\/blog\/wp-json\/wp\/v2\/posts\/12084\/revisions"}],"predecessor-version":[{"id":106291,"href":"https:\/\/df-nyt.dk\/blog\/wp-json\/wp\/v2\/posts\/12084\/revisions\/106291"}],"wp:attachment":[{"href":"https:\/\/df-nyt.dk\/blog\/wp-json\/wp\/v2\/media?parent=12084"}],"wp:term":[{"taxonomy":"category","embeddable":true,"href":"https:\/\/df-nyt.dk\/blog\/wp-json\/wp\/v2\/categories?post=12084"},{"taxonomy":"post_tag","embeddable":true,"href":"https:\/\/df-nyt.dk\/blog\/wp-json\/wp\/v2\/tags?post=12084"}],"curies":[{"name":"wp","href":"https:\/\/api.w.org\/{rel}","templated":true}]}}