{"id":12126,"date":"2010-11-17T20:45:58","date_gmt":"2010-11-17T19:45:58","guid":{"rendered":"http:\/\/df-nyt.dk\/?p=12126"},"modified":"2025-07-02T19:07:12","modified_gmt":"2025-07-02T17:07:12","slug":"en-sort-dag-for-danmark","status":"publish","type":"post","link":"https:\/\/df-nyt.dk\/blog\/en-sort-dag-for-danmark\/","title":{"rendered":"En sort dag for Danmark"},"content":{"rendered":"<p>Regeringen har sammen med Dansk Folkeparti og Kristendemokraterne netop fremlagt et pointsystem for familiesammenf\u00f8ring af \u00e6gtef\u00e6ller.<\/p>\n<p>En model hvor staten g\u00f8r sig til dommer over, hvor nyttige danskeres \u00e6gtef\u00e6ller er for det danske samfund.<\/p>\n<p>En sort dag for Danmark, mener Radikale Venstres gruppeformand, Margrethe Vestager.<\/p>\n<p>&#8220;Man skulle ikke tro, at skruen kunne strammes yderligere, men det har Danske Folkeparti sammen med Birthe R\u00f8nn Hornbech (V) bevist i dag med deres pointsystem for udl\u00e6ndinge.<\/p>\n<p>Det er en uh\u00f8rt indgriben i folks privatliv, hvor staten skal g\u00f8re sig til dommer over, hvor nyttig din elskede er for det danske samfund.<\/p>\n<p>Det er en sort dag for Danmark&#8221;, siger Margrethe Vestager, Radikale Venstres gruppeformand.<\/p>\n<p>&#8220;Ingen andre EU-lande kan finde p\u00e5 at behandle deres egne borgere s\u00e5 d\u00e5rligt, som vi g\u00f8r i Danmark.<\/p>\n<p>Og i dag er det kun blevet v\u00e6rre.<br \/>\nVi isolerer os fra EU og verden, og det tjener ikke Danmarks interesser,&#8221; siger Margrethe Vestager.<\/p>\n<p>&#8220;Danmark har ikke brug for en strammere udl\u00e6ndingelovgivning.<\/p>\n<p>Vi har brug for en udl\u00e6ndingepolitik, som sikrer, at danskere kan bo i deres eget land med deres \u00e6gtef\u00e6lle og samtidig kan bane vejen for, at vi i fremtiden har nok h\u00e6nder og hoveder p\u00e5 arbejdsmarkedet,&#8221; siger Margrethe Vestager, if\u00f8lge en pressemeddelelsen.<\/p>\n<p>L\u00e6s flere nyheder fra de Radikale Venstre &#8211; DER<br \/>\n\/\/www.radikale.dk\/CMS\/forside04.aspx?SiteID=1&#8243;><\/p>\n","protected":false},"excerpt":{"rendered":"<p>Regeringen har sammen med Dansk Folkeparti og Kristendemokraterne netop fremlagt et pointsystem for familiesammenf\u00f8ring af \u00e6gtef\u00e6ller. En model hvor staten g\u00f8r sig til dommer over, hvor nyttige danskeres \u00e6gtef\u00e6ller er for det danske samfund. En sort dag for Danmark, mener Radikale Venstres gruppeformand, Margrethe Vestager. &#8220;Man skulle ikke tro, at skruen kunne strammes yderligere, men [&hellip;]<\/p>\n","protected":false},"author":10,"featured_media":0,"comment_status":"open","ping_status":"closed","sticky":false,"template":"","format":"standard","meta":{"footnotes":""},"categories":[1],"tags":[],"class_list":["post-12126","post","type-post","status-publish","format-standard","hentry","category-df-nyt-dk"],"_links":{"self":[{"href":"https:\/\/df-nyt.dk\/blog\/wp-json\/wp\/v2\/posts\/12126","targetHints":{"allow":["GET"]}}],"collection":[{"href":"https:\/\/df-nyt.dk\/blog\/wp-json\/wp\/v2\/posts"}],"about":[{"href":"https:\/\/df-nyt.dk\/blog\/wp-json\/wp\/v2\/types\/post"}],"author":[{"embeddable":true,"href":"https:\/\/df-nyt.dk\/blog\/wp-json\/wp\/v2\/users\/10"}],"replies":[{"embeddable":true,"href":"https:\/\/df-nyt.dk\/blog\/wp-json\/wp\/v2\/comments?post=12126"}],"version-history":[{"count":5,"href":"https:\/\/df-nyt.dk\/blog\/wp-json\/wp\/v2\/posts\/12126\/revisions"}],"predecessor-version":[{"id":108505,"href":"https:\/\/df-nyt.dk\/blog\/wp-json\/wp\/v2\/posts\/12126\/revisions\/108505"}],"wp:attachment":[{"href":"https:\/\/df-nyt.dk\/blog\/wp-json\/wp\/v2\/media?parent=12126"}],"wp:term":[{"taxonomy":"category","embeddable":true,"href":"https:\/\/df-nyt.dk\/blog\/wp-json\/wp\/v2\/categories?post=12126"},{"taxonomy":"post_tag","embeddable":true,"href":"https:\/\/df-nyt.dk\/blog\/wp-json\/wp\/v2\/tags?post=12126"}],"curies":[{"name":"wp","href":"https:\/\/api.w.org\/{rel}","templated":true}]}}