{"id":12221,"date":"2010-11-20T15:45:37","date_gmt":"2010-11-20T14:45:37","guid":{"rendered":"http:\/\/df-nyt.dk\/?p=12221"},"modified":"2026-01-06T05:41:43","modified_gmt":"2026-01-06T04:41:43","slug":"radikale-venstre-siger-nej-til-forskelsbehandling-af-aegtefaeller","status":"publish","type":"post","link":"https:\/\/df-nyt.dk\/blog\/radikale-venstre-siger-nej-til-forskelsbehandling-af-aegtefaeller\/","title":{"rendered":"Radikale Venstre siger nej til forskelsbehandling af \u00e6gtef\u00e6ller"},"content":{"rendered":"<p><img loading=\"lazy\" decoding=\"async\" class=\"alignleft \" title=\"201120101547\" src=\"https:\/\/df-nyt.dk\/\/wp-content\/uploads\/201120101547.png\" width=\"251\" height=\"135\" \/><br \/>\n&nbsp;<br \/>\nRadikale Venstre tager skarpt afstand fra den aftale om stramning af familiesammenf\u00f8ringsreglerne ved indf\u00f8relse af et pointsystem, som regeringen og Dansk Folkeparti har indg\u00e5et. Skriver de Radikale i sin pressemeddelelse <\/p>\n<p>-Og forts\u00e6tter.<br \/>\nFor Radikale Venstre er det en fundamental ret, at danske statsborgere naturligvis skal kunne bo i deres eget land med deres \u00e6gtef\u00e6lle.<\/p>\n<p>Aftalen om pointsystemet er udtryk for en hidtil uset forskelsbehandling, hvor mennesker deles op i dem, der er nyttige, og dem, der er unyttige.<\/p>\n<p>Radikale Venstres Hovedbestyrelse opfordrer alle til at tage afstand fra forskelsbehandlingen i regeringens og Dansk Folkepartis pointsystem og andre stramninger af regels\u00e6ttet og tale for et mere tolerant og \u00e5bent Danmark.<\/p>\n<p>Erhvervsledere, \u00e6gtef\u00e6ller til udl\u00e6ndinge og danskere med \u00f8nske om forandringer b\u00f8r tage ordet i debatten og vise at Danmark er et land, der respekterer sine medmennesker.<\/p>\n<p>Vi stoler.<br \/>\nOgs\u00e5 p\u00e5 udl\u00e6ndinge.<br \/>\nSkriver Det Radikale Venstre i sin pressemeddelelse.<br \/>\n<a href=\"http:\/\/radikale.dk\"> Du kan l\u00e6se flere nyheder fra det Radikale Venstre p\u00e5, radikale.dk<\/a><br \/>\n&nbsp;<\/p>\n","protected":false},"excerpt":{"rendered":"<p>&nbsp; Radikale Venstre tager skarpt afstand fra den aftale om stramning af familiesammenf\u00f8ringsreglerne ved indf\u00f8relse af et pointsystem, som regeringen og Dansk Folkeparti har indg\u00e5et. Skriver de Radikale i sin pressemeddelelse -Og forts\u00e6tter. For Radikale Venstre er det en fundamental ret, at danske statsborgere naturligvis skal kunne bo i deres eget land med deres \u00e6gtef\u00e6lle. [&hellip;]<\/p>\n","protected":false},"author":10,"featured_media":0,"comment_status":"open","ping_status":"closed","sticky":false,"template":"","format":"standard","meta":{"footnotes":""},"categories":[1],"tags":[],"class_list":["post-12221","post","type-post","status-publish","format-standard","hentry","category-df-nyt-dk"],"_links":{"self":[{"href":"https:\/\/df-nyt.dk\/blog\/wp-json\/wp\/v2\/posts\/12221","targetHints":{"allow":["GET"]}}],"collection":[{"href":"https:\/\/df-nyt.dk\/blog\/wp-json\/wp\/v2\/posts"}],"about":[{"href":"https:\/\/df-nyt.dk\/blog\/wp-json\/wp\/v2\/types\/post"}],"author":[{"embeddable":true,"href":"https:\/\/df-nyt.dk\/blog\/wp-json\/wp\/v2\/users\/10"}],"replies":[{"embeddable":true,"href":"https:\/\/df-nyt.dk\/blog\/wp-json\/wp\/v2\/comments?post=12221"}],"version-history":[{"count":3,"href":"https:\/\/df-nyt.dk\/blog\/wp-json\/wp\/v2\/posts\/12221\/revisions"}],"predecessor-version":[{"id":106618,"href":"https:\/\/df-nyt.dk\/blog\/wp-json\/wp\/v2\/posts\/12221\/revisions\/106618"}],"wp:attachment":[{"href":"https:\/\/df-nyt.dk\/blog\/wp-json\/wp\/v2\/media?parent=12221"}],"wp:term":[{"taxonomy":"category","embeddable":true,"href":"https:\/\/df-nyt.dk\/blog\/wp-json\/wp\/v2\/categories?post=12221"},{"taxonomy":"post_tag","embeddable":true,"href":"https:\/\/df-nyt.dk\/blog\/wp-json\/wp\/v2\/tags?post=12221"}],"curies":[{"name":"wp","href":"https:\/\/api.w.org\/{rel}","templated":true}]}}