{"id":12238,"date":"2010-11-21T14:30:22","date_gmt":"2010-11-21T13:30:22","guid":{"rendered":"http:\/\/df-nyt.dk\/?p=12238"},"modified":"2025-07-02T17:03:31","modified_gmt":"2025-07-02T15:03:31","slug":"dansk-folkeparti-det-her-er-en-sag-vi-kommer-til-at-forfoelge","status":"publish","type":"post","link":"https:\/\/df-nyt.dk\/blog\/dansk-folkeparti-det-her-er-en-sag-vi-kommer-til-at-forfoelge\/","title":{"rendered":"Dansk Folkeparti: \u00bbDet her er en sag, vi kommer til at forf\u00f8lge\u00ab"},"content":{"rendered":"<p><img loading=\"lazy\" decoding=\"async\" class=\"alignleft  \" src=\"https:\/\/df-nyt.dk\/wp-content\/uploads\/211120101249.png\" alt=\"\" width=\"220\" height=\"176\" \/><\/p>\n<p>Det b\u00f8r ikke v\u00e6re tilladt sundheds-personale at b\u00e6re t\u00f8rkl\u00e6de, mener partiet.<\/p>\n<p>-Muslimer med t\u00f8rkl\u00e6de er underlagt en r\u00e6kke regler, som g\u00f8r, at de ikke har samme holdninger til livet, d\u00f8den og kroppen som andre mennesker.<\/p>\n<p>Det skal patienter p\u00e5 danske sygehuse sk\u00e5nes for, og derfor m\u00e5 det v\u00e6re deres ret at f\u00e5 tilbudt en anden l\u00e6ge, hvis de ikke \u00f8nsker behandling af en muslimsk l\u00e6ge, der b\u00e6rer t\u00f8rkl\u00e6de.<\/p>\n<p>Det mener Dansk Folkepartis sundhedsordf\u00f8rer Liselott Blixt, der allerhelst s\u00e5, at Folketinget helt forb\u00f8d sundhedspersonale at b\u00e6re religi\u00f8se symboler.<\/p>\n<p>-Det her er en sag, vi kommer til at forf\u00f8lge, siger Liselott Blixt, if\u00f8lge hjemmesiden, politiken.dk<\/p>\n<p>Se man p\u00e5 det i et st\u00f8rre sammenh\u00e6ng, -s\u00e5 er Liselott Blixt ogs\u00e5 nyvalgt formand i foreningen &#8216;Kvinder for frihed&#8217;, -og har overtaget posten efter, <a href=\"http:\/\/humanisme.dk\/hate-speech\/vibeke_manniche.php\">Vibeke Manniche<\/a>, som fortsat sidder i bestyrelsen.<\/p>\n<p><img loading=\"lazy\" decoding=\"async\" class=\"size-full\" title=\"211120101252\" src=\"https:\/\/df-nyt.dk\/\/wp-content\/uploads\/211120101252.png\" width=\"433\" height=\"372\" \/><\/p>\n<p>Gruppen, <a href=\"https:\/\/df-nyt.dk\/?p=10849\">SIAD<\/a> er stort set <a href=\"http:\/\/siadinfo.blogspot.com\/\">opl\u00f8st<\/a> &#8211; (<a href=\"https:\/\/df-nyt.dk\/?p=11876\">Forkl\u00e6dt som racist p\u00e5 webportalen FaceBook<\/a>)<\/p>\n<p>Trykkefrihedsselskabet tager t\u00e6lling (<a href=\"https:\/\/df-nyt.dk\/?p=11856\">Terrorsagen<\/a>) samt, at Statsadvokaten for K\u00f8benhavn har besluttet at rejse tiltale mod Trykkefrihedsselskabets formand, Lars Hedegaard. Jf. Dagbladet berlinske.dk<br \/>\n\/\/berlingske.dk:80\/verden\/lars-hedegaard-tiltales-racisme&#8221;><\/p>\n<p>Begge foreninger og er p\u00e5 vej til at blive skrevet ind i historieb\u00f8gerne, om h\u00e6ndelserne under de n\u00e6sten 10. forbandede \u00e5r, hvor Danmark havde Dansk Folkeparti som med-underskriver p\u00e5 regeringsgrundlaget.<\/p>\n<p>Derfor er det slet ikke s\u00e5 underligt, hvis man fors\u00f8ger at bl\u00e6se nyt liv i den sovende forening &#8216;Kvinder for frihed&#8217;.<\/p>\n<p><img loading=\"lazy\" decoding=\"async\" class=\"size-full\" title=\"211120101426\" src=\"https:\/\/df-nyt.dk\/\/wp-content\/uploads\/211120101426.png\" width=\"430\" height=\"292\" \/><\/p>\n<p>Foreningen har v\u00e6ret iskold i en \u00e5rr\u00e6kke, -som man kan se p\u00e5 deres hjemmeside, s\u00e5 er \u00e5rsberetningen fra 2008.<\/p>\n<p>Derfor er det forklarligt, at Liselott Blixt har travlt med, at markedsf\u00f8re sig med sager som har f\u00f8rt til,\u00a0<a href=\"https:\/\/df-nyt.dk\/?p=12190\">Citronm\u00e5ne-happenings<\/a><\/p>\n<p>Reference<br \/>\nHjemmesiden \/\/humanisme.dk \/hate-speech\/vibeke_manniche\/<br \/>\nHjemmesiden \/\/kvinderforfrihed.dk\/?<br \/>\nHjemmesiden \/\/siadinfo.blogspot.com\/<br \/>\nHjemmesiden \/\/politiken.dk \/indland\/ECE1114017\/laeger-ryster-paa-hovedet-ad-debat-om-toerklaeder\/<\/p>\n<p>For yderlig l\u00e6sning<\/p>\n<p><a href=\"https:\/\/df-nyt.dk\/?p=12190 \/\" rel=\"noreferrer nofollow\"><span style=\"text-decoration: underline;\">Saft og kage-frem og tilbage<\/span><\/a><br \/>\n&nbsp;<br \/>\n<a href=\"https:\/\/df-nyt.dk\/?p=11950 \/\" rel=\"noreferrer nofollow\"><span style=\"text-decoration: underline;\">S\u00e5 rykker det i inkvisitionen p\u00e5 FaceBook<\/span><\/a><br \/>\n&nbsp;<br \/>\n<a href=\"https:\/\/df-nyt.dk\/?p=13959 \/\" rel=\"noreferrer nofollow\"><span style=\"text-decoration: underline;\">Ingen gider foreningen &#8216;Kvinder for frihed&#8217;<\/span><\/a><\/p>\n","protected":false},"excerpt":{"rendered":"<p>Det b\u00f8r ikke v\u00e6re tilladt sundheds-personale at b\u00e6re t\u00f8rkl\u00e6de, mener partiet. -Muslimer med t\u00f8rkl\u00e6de er underlagt en r\u00e6kke regler, som g\u00f8r, at de ikke har samme holdninger til livet, d\u00f8den og kroppen som andre mennesker. Det skal patienter p\u00e5 danske sygehuse sk\u00e5nes for, og derfor m\u00e5 det v\u00e6re deres ret at f\u00e5 tilbudt en anden [&hellip;]<\/p>\n","protected":false},"author":10,"featured_media":0,"comment_status":"open","ping_status":"closed","sticky":false,"template":"","format":"standard","meta":{"footnotes":""},"categories":[1],"tags":[],"class_list":["post-12238","post","type-post","status-publish","format-standard","hentry","category-df-nyt-dk"],"_links":{"self":[{"href":"https:\/\/df-nyt.dk\/blog\/wp-json\/wp\/v2\/posts\/12238","targetHints":{"allow":["GET"]}}],"collection":[{"href":"https:\/\/df-nyt.dk\/blog\/wp-json\/wp\/v2\/posts"}],"about":[{"href":"https:\/\/df-nyt.dk\/blog\/wp-json\/wp\/v2\/types\/post"}],"author":[{"embeddable":true,"href":"https:\/\/df-nyt.dk\/blog\/wp-json\/wp\/v2\/users\/10"}],"replies":[{"embeddable":true,"href":"https:\/\/df-nyt.dk\/blog\/wp-json\/wp\/v2\/comments?post=12238"}],"version-history":[{"count":5,"href":"https:\/\/df-nyt.dk\/blog\/wp-json\/wp\/v2\/posts\/12238\/revisions"}],"predecessor-version":[{"id":100929,"href":"https:\/\/df-nyt.dk\/blog\/wp-json\/wp\/v2\/posts\/12238\/revisions\/100929"}],"wp:attachment":[{"href":"https:\/\/df-nyt.dk\/blog\/wp-json\/wp\/v2\/media?parent=12238"}],"wp:term":[{"taxonomy":"category","embeddable":true,"href":"https:\/\/df-nyt.dk\/blog\/wp-json\/wp\/v2\/categories?post=12238"},{"taxonomy":"post_tag","embeddable":true,"href":"https:\/\/df-nyt.dk\/blog\/wp-json\/wp\/v2\/tags?post=12238"}],"curies":[{"name":"wp","href":"https:\/\/api.w.org\/{rel}","templated":true}]}}