{"id":12289,"date":"2010-11-22T10:58:53","date_gmt":"2010-11-22T09:58:53","guid":{"rendered":"http:\/\/df-nyt.dk\/?p=12289"},"modified":"2024-09-17T17:35:04","modified_gmt":"2024-09-17T15:35:04","slug":"abent-brev-kan-vi-v%c3%a6re-f%c3%a6lles-om-at-sla-ned-pa-diskrimination-af-offentligt-ansatte","status":"publish","type":"post","link":"https:\/\/df-nyt.dk\/blog\/abent-brev-kan-vi-v%c3%a6re-f%c3%a6lles-om-at-sla-ned-pa-diskrimination-af-offentligt-ansatte\/","title":{"rendered":"\u00c5bent brev: Kan vi v\u00e6re f\u00e6lles om at sl\u00e5 ned p\u00e5 diskrimination af offentligt ansatte?"},"content":{"rendered":"<p><img loading=\"lazy\" decoding=\"async\" src=\"https:\/\/df-nyt.dk\/wp-content\/uploads\/211020130913.png\" alt=\"\" width=\"150\" height=\"150\" class=\"alignleft size-thumbnail \" \/><br \/>\n\u00c5bent brev: Kan vi v\u00e6re f\u00e6lles om at sl\u00e5 ned p\u00e5 diskrimination af offentligt ansatte?<br \/>\nSendt 22. november 2010 af Dennis Kristensen<\/p>\n<p>K\u00e6re Bertel Haarder<br \/>\nEfter et par dage med en meget hektisk debat om t\u00f8rkl\u00e6der og det frie sygehusvalg tillader jeg mig at sende et \u00e5bent brev om sagen. For jeg synes, der mangler et aspekt, som bekymrer mig og \u2013 tror jeg \u2013 tusinder af offentligt ansatte, herunder offentligt ansatte med anden etnisk baggrund end dansk.<\/p>\n<p>Jeg tror, at det frie sygehusvalg er en god ting, og jeg er sikker p\u00e5, at dine bem\u00e6rkninger om frisind i sagen om t\u00f8rkl\u00e6derne i sygehusv\u00e6senet er \u00e6rlige og rigtig godt ment. Men jeg sidder alligevel tilbage med f\u00f8lelsen af, at der mangler noget i budskaberne.<\/p>\n<p>Jeg tror, det er vigtigt, at vi ikke lukker \u00f8jnene, n\u00e5r vi ser sm\u00e5 racistiske eller fremmedfjendske handlinger og ytringer i det offentlige rum, herunder p\u00e5 vores sygehuse. Jeg tror, at vi i den offentlige sektor desv\u00e6rre oplever flere og flere af disse sm\u00e5 ubehagelige episoder i hverdagen \u2013 hvad enten det er \u00f8nsket om hvidt \u2013 og ikke frit \u2013 sygehusvalg, hvid hjemmehj\u00e6lp eller hvide pasningsordninger.<\/p>\n<p>I mine \u00f8jne skal vi i den offentlige sektor stille krav til de ansatte om at kunne kommunikere p\u00e5 dansk. Vi kommunikerer ogs\u00e5 ved hj\u00e6lp af ansigtet, og derfor skal ansigtet i mine \u00f8jne v\u00e6re synligt p\u00e5 offentligt ansatte. Men derudover skal vi ikke blande os i, hvorvidt ansatte \u00f8nsker at bruge t\u00f8rkl\u00e6de eller ej.<\/p>\n<p>Det udvidede frie sygehusvalg kan i sagens natur bruges til at f\u00e5 behandling eller operation p\u00e5 et andet sygehus. Det samme kan det frie valg i \u00e6ldreplejen bruges til. Og tilsvarende i valgmulighederne indenfor b\u00f8rnepasning og andre omr\u00e5der.<\/p>\n<p>Der er sund fornuft i at t\u00e6nke individuel indflydelse p\u00e5 velf\u00e6rds- og serviceydelser i et moderne velf\u00e6rdssamfund. Ja jeg tror, at det er tvingende n\u00f8dvendigt at t\u00e6nke i h\u00e5ndholdt velf\u00e6rd frem for samleb\u00e5ndsydelser, hvis opbakningen til velf\u00e6rdssamfundet skal opretholdes i et s\u00e5 velst\u00e5ende samfund som det danske.<\/p>\n<p>S\u00e5 langt, s\u00e5 godt.<br \/>\nAlligevel ser vi episoder dagligt i vores hverdag. Det er vigtigt, at danskerne valgmuligheder ikke f\u00f8rer til diskrimination af de, der p\u00e5 vores alles vegne arbejder ansigt til ansigt med syge, handicappede, b\u00f8rn, \u00e6ldre og udsatte.<\/p>\n<p>Vi har en lovgivning mod diskrimination af minoriteter i det danske samfund. Jeg mener, at vi i den offentlige sektor har en naturlig og ekstra forpligtelse til at modarbejde ethvert till\u00f8b til diskrimination p\u00e5 grund af k\u00f8n, alder, handicap, etnisk baggrund, seksuel orientering, religi\u00f8s overbevisning, politisk holdning osv. Og det udelukker selvf\u00f8lgelig, at borgerne lovligt kan eftersp\u00f8rge &#8216;hvide sygehusafdelinger&#8217;, &#8216;hvide taxaer&#8217;, &#8216;t\u00f8rkl\u00e6defri skoler&#8217; eller &#8216;hvid \u00e6ldrepleje&#8217;.<\/p>\n<p>Som offentligt ansat kan man ikke tillade sig at sp\u00f8rge om grunden til et \u00e6ndret sygehusvalg eller skolevalg. Men vi b\u00f8r v\u00e6re bevidste om, at det er helt uacceptabelt og faktisk ogs\u00e5 ulovligt, hvis og n\u00e5r borgere udtaler sig i strid med diskriminationsforbuddet.<\/p>\n<p>Jeg havde gerne set denne melding fra dig. Jeg tror, at mange offentligt ansatte i deres hverdag har set og oplevet for mange sm\u00e5 ubehageligheder til at man kan bagatellisere problemet med henvisninger til det danske frisind.<\/p>\n<p>Vi b\u00f8r v\u00e6re enige om at sl\u00e5 ned p\u00e5 diskrimination. Og at det har sine konsekvenser, hvis man diskriminerer andre medborgere. Vi b\u00f8r ogs\u00e5 v\u00e6re enige om, at offentlige institutioner altid b\u00f8r politianmelde racistisk eller diskriminerende behandling af offentligt ansatte.<\/p>\n<p>Hvis den ansvarlige minister sammen med faglige organisationer i den offentlige sektor vil st\u00e5 sammen om disse synspunkter, s\u00e5 tror jeg, at det vil v\u00e6re et s\u00e6rdeles vigtigt signal. Det er ikke s\u00e5 afg\u00f8rende om det bliver en st\u00f8rre kampagne eller en mindre f\u00e6lles udtalelse. Men jeg tror, at der er stort behov for det f\u00e6lles signal. Et signal, der siger klart og h\u00f8rbart nej til diskriminationen.<\/p>\n<p>K\u00e6re Bertel\u00a0 Haarder. Det ville gl\u00e6de mig, hvis du ville indg\u00e5 i en snarlig dr\u00f8ftelse om dette. Jeg tror, at mange faglige organisationer gerne ville v\u00e6re med.<\/p>\n<p>Men venlig hilsen<br \/>\n<em>Dennis Kristensen<\/em><br \/>\nForbundsformand, FOA<\/p>\n","protected":false},"excerpt":{"rendered":"<p>\u00c5bent brev: Kan vi v\u00e6re f\u00e6lles om at sl\u00e5 ned p\u00e5 diskrimination af offentligt ansatte? Sendt 22. november 2010 af Dennis Kristensen K\u00e6re Bertel Haarder Efter et par dage med en meget hektisk debat om t\u00f8rkl\u00e6der og det frie sygehusvalg tillader jeg mig at sende et \u00e5bent brev om sagen. For jeg synes, der mangler [&hellip;]<\/p>\n","protected":false},"author":10,"featured_media":0,"comment_status":"open","ping_status":"closed","sticky":false,"template":"","format":"standard","meta":{"footnotes":""},"categories":[1],"tags":[],"class_list":["post-12289","post","type-post","status-publish","format-standard","hentry","category-df-nyt-dk"],"_links":{"self":[{"href":"https:\/\/df-nyt.dk\/blog\/wp-json\/wp\/v2\/posts\/12289","targetHints":{"allow":["GET"]}}],"collection":[{"href":"https:\/\/df-nyt.dk\/blog\/wp-json\/wp\/v2\/posts"}],"about":[{"href":"https:\/\/df-nyt.dk\/blog\/wp-json\/wp\/v2\/types\/post"}],"author":[{"embeddable":true,"href":"https:\/\/df-nyt.dk\/blog\/wp-json\/wp\/v2\/users\/10"}],"replies":[{"embeddable":true,"href":"https:\/\/df-nyt.dk\/blog\/wp-json\/wp\/v2\/comments?post=12289"}],"version-history":[{"count":2,"href":"https:\/\/df-nyt.dk\/blog\/wp-json\/wp\/v2\/posts\/12289\/revisions"}],"predecessor-version":[{"id":104565,"href":"https:\/\/df-nyt.dk\/blog\/wp-json\/wp\/v2\/posts\/12289\/revisions\/104565"}],"wp:attachment":[{"href":"https:\/\/df-nyt.dk\/blog\/wp-json\/wp\/v2\/media?parent=12289"}],"wp:term":[{"taxonomy":"category","embeddable":true,"href":"https:\/\/df-nyt.dk\/blog\/wp-json\/wp\/v2\/categories?post=12289"},{"taxonomy":"post_tag","embeddable":true,"href":"https:\/\/df-nyt.dk\/blog\/wp-json\/wp\/v2\/tags?post=12289"}],"curies":[{"name":"wp","href":"https:\/\/api.w.org\/{rel}","templated":true}]}}