{"id":12338,"date":"2010-11-23T10:49:23","date_gmt":"2010-11-23T09:49:23","guid":{"rendered":"http:\/\/df-nyt.dk\/?p=12338"},"modified":"2026-01-06T05:45:12","modified_gmt":"2026-01-06T04:45:12","slug":"ti-kendes-for-ret","status":"publish","type":"post","link":"https:\/\/df-nyt.dk\/blog\/ti-kendes-for-ret\/","title":{"rendered":"Ti kendes for ret"},"content":{"rendered":"<p><strong><img loading=\"lazy\" decoding=\"async\" class=\" alignleft\" title=\"230820100955\" src=\"https:\/\/df-nyt.dk\/blog\/wp-content\/uploads\/230820100955.png\" width=\"200\" height=\"183\" \/><\/strong><\/p>\n<p>Anders Gravers fik et Fogedforbud i 2008. imod, at bruge Kurt Westergaards tegning, dagen f\u00f8r SIAD og SIOEs demonstration i Aalborg, hvor de havde til hensigt at bruge tegningen i propaganda \u00f8jemed, imod Kurt Westergaards \u00f8nske.<\/p>\n<p>Kurt Westergaard har derfor, nu endnu engang indkaldt Anders Gravers til retten onsdag d. 24. nov. kl. 9.15, hvor han vil fors\u00f8ge at g\u00f8re sit copyright-krav g\u00e6ldende.<\/p>\n<p>Den danske tegner, Kurt Westergaard som blev verdenskendt for sin muhammedbombe tegning i avisen, Jyllands Posten, har siden marts 2008. sags\u00f8gt foreningerne Stop islamiseringen af Danmark og Stop islamisation of Europe (SIAD og SIOE) og deres formand Anders Gravers for 250.000 danske kroner (ca. 50.000 $), for angiveligt at skulle have haft muhammedtegningen p\u00e5 deres hjemmeside en m\u00e5ned i 2008. og &#8211; for at skulle have brugt den til en demonstration midt i marts 2008.<\/p>\n<p>Vi venter sp\u00e6ndt p\u00e5 <a href=\"http:\/\/df-nyt.dk\/?p=13525\">Dommen.<\/a><\/p>\n<p><a href=\"http:\/\/df-nyt.dk\/?p=13525\">Straf for misbrug af tegning og kr\u00e6nkelse af fogedforbud <\/a><\/p>\n<p>OG &#8211; <a href=\"http:\/\/df-nyt.dk\/?p=10556\">Anders Gravers venner i nye kl\u00e6der<\/a> <\/p>\n<p>*****************************<\/p>\n","protected":false},"excerpt":{"rendered":"<p>Anders Gravers fik et Fogedforbud i 2008. imod, at bruge Kurt Westergaards tegning, dagen f\u00f8r SIAD og SIOEs demonstration i Aalborg, hvor de havde til hensigt at bruge tegningen i propaganda \u00f8jemed, imod Kurt Westergaards \u00f8nske. Kurt Westergaard har derfor, nu endnu engang indkaldt Anders Gravers til retten onsdag d. 24. nov. kl. 9.15, hvor [&hellip;]<\/p>\n","protected":false},"author":10,"featured_media":0,"comment_status":"open","ping_status":"closed","sticky":false,"template":"","format":"standard","meta":{"footnotes":""},"categories":[1],"tags":[],"class_list":["post-12338","post","type-post","status-publish","format-standard","hentry","category-df-nyt-dk"],"_links":{"self":[{"href":"https:\/\/df-nyt.dk\/blog\/wp-json\/wp\/v2\/posts\/12338","targetHints":{"allow":["GET"]}}],"collection":[{"href":"https:\/\/df-nyt.dk\/blog\/wp-json\/wp\/v2\/posts"}],"about":[{"href":"https:\/\/df-nyt.dk\/blog\/wp-json\/wp\/v2\/types\/post"}],"author":[{"embeddable":true,"href":"https:\/\/df-nyt.dk\/blog\/wp-json\/wp\/v2\/users\/10"}],"replies":[{"embeddable":true,"href":"https:\/\/df-nyt.dk\/blog\/wp-json\/wp\/v2\/comments?post=12338"}],"version-history":[{"count":3,"href":"https:\/\/df-nyt.dk\/blog\/wp-json\/wp\/v2\/posts\/12338\/revisions"}],"predecessor-version":[{"id":110853,"href":"https:\/\/df-nyt.dk\/blog\/wp-json\/wp\/v2\/posts\/12338\/revisions\/110853"}],"wp:attachment":[{"href":"https:\/\/df-nyt.dk\/blog\/wp-json\/wp\/v2\/media?parent=12338"}],"wp:term":[{"taxonomy":"category","embeddable":true,"href":"https:\/\/df-nyt.dk\/blog\/wp-json\/wp\/v2\/categories?post=12338"},{"taxonomy":"post_tag","embeddable":true,"href":"https:\/\/df-nyt.dk\/blog\/wp-json\/wp\/v2\/tags?post=12338"}],"curies":[{"name":"wp","href":"https:\/\/api.w.org\/{rel}","templated":true}]}}