{"id":12379,"date":"2010-11-23T22:36:15","date_gmt":"2010-11-23T21:36:15","guid":{"rendered":"http:\/\/df-nyt.dk\/?p=12379"},"modified":"2025-07-07T17:02:58","modified_gmt":"2025-07-07T15:02:58","slug":"danske-soldater-hjem-til-krig-mod-islam","status":"publish","type":"post","link":"https:\/\/df-nyt.dk\/blog\/danske-soldater-hjem-til-krig-mod-islam\/","title":{"rendered":"Danske soldater hjem til krig mod islam"},"content":{"rendered":"<p><img loading=\"lazy\" decoding=\"async\" class=\"alignleft size-full \" src=\"https:\/\/df-nyt.dk\/blog\/wp-content\/uploads\/230320131042.png\" alt=\"230320131042\" width=\"179\" height=\"168\" \/><\/p>\n<p>Danske soldater hjem til krig mod islam<br \/>\nLederen af den omstridte antimuslimske politiske forening Stop Islamiseringen af Danmark driver st\u00f8ttehjem for hjemvendte, traumatiserede danske soldater.<\/p>\n<p>af Margrethe S. Hansen og Christian Rask<br \/>\nDanmark og hele den vestlige verden befinder sig i krig med islam.<\/p>\n<p>Muslimer er mere kriminelle end andre, muslimer voldtager danske kvinder og muslimske f\u00e6dre voldtager deres egne b\u00f8rn.<\/p>\n<p>Koranen skal forbydes, og muslimer er vores tids nazister.<br \/>\nDette er bare nogen af de mange hadefulde antimuslimske holdninger, som traumatiserede danske soldater risikerer at blive, kan blive m\u00f8dt med, n\u00e5r de s\u00f8ger st\u00f8tte og omsorg i et af de nye veteranhjem, der drives af soldater fra det danske forsvar sammen med den st\u00e6rkt Islamfjendtlige forening som Stop Islamiseringen af Danmark.<\/p>\n<p>Foreningen har tidligere v\u00e6ret i mediernes s\u00f8gelys for at samarbejde med danske h\u00f8jreekstremistiske grupper &#8230;   <a href=\"http:\/\/www.p77.dk\/samfund-mennesker\/55-samfund\/347-danske-soldater-hjem-til-krig-mod-islam\" target=\"_blank\" rel=\"noopener\"><span style=\"text-decoration: underline;\">Skriver Netavisen P77<\/span><\/a><\/p>\n<p><a href=\"http:\/\/www.p77.dk\/samfund-mennesker\/55-samfund\/347-danske-soldater-hjem-til-krig-mod-islam\"><span style=\"text-decoration: underline;\"> L\u00e6s mere DER<\/span><\/a><\/p>\n<p>L\u00e6s ogs\u00e5: <span style=\"text-decoration: underline;\"><a href=\"http:\/\/df-nyt.dk\/?p=12338\" target=\"_blank\" rel=\"noopener\">Ti kendes for ret<\/a><\/span><\/p>\n<p> Link til artiklen p\u00e5 hjemmesiden, Redox<br \/>\n\/\/redox.dk:80\/spip.php?article971&#8243;<br \/>\n&nbsp;<\/p>\n","protected":false},"excerpt":{"rendered":"<p>Danske soldater hjem til krig mod islam Lederen af den omstridte antimuslimske politiske forening Stop Islamiseringen af Danmark driver st\u00f8ttehjem for hjemvendte, traumatiserede danske soldater. af Margrethe S. Hansen og Christian Rask Danmark og hele den vestlige verden befinder sig i krig med islam. Muslimer er mere kriminelle end andre, muslimer voldtager danske kvinder og [&hellip;]<\/p>\n","protected":false},"author":10,"featured_media":0,"comment_status":"open","ping_status":"closed","sticky":false,"template":"","format":"standard","meta":{"footnotes":""},"categories":[1],"tags":[],"class_list":["post-12379","post","type-post","status-publish","format-standard","hentry","category-df-nyt-dk"],"_links":{"self":[{"href":"https:\/\/df-nyt.dk\/blog\/wp-json\/wp\/v2\/posts\/12379","targetHints":{"allow":["GET"]}}],"collection":[{"href":"https:\/\/df-nyt.dk\/blog\/wp-json\/wp\/v2\/posts"}],"about":[{"href":"https:\/\/df-nyt.dk\/blog\/wp-json\/wp\/v2\/types\/post"}],"author":[{"embeddable":true,"href":"https:\/\/df-nyt.dk\/blog\/wp-json\/wp\/v2\/users\/10"}],"replies":[{"embeddable":true,"href":"https:\/\/df-nyt.dk\/blog\/wp-json\/wp\/v2\/comments?post=12379"}],"version-history":[{"count":3,"href":"https:\/\/df-nyt.dk\/blog\/wp-json\/wp\/v2\/posts\/12379\/revisions"}],"predecessor-version":[{"id":108731,"href":"https:\/\/df-nyt.dk\/blog\/wp-json\/wp\/v2\/posts\/12379\/revisions\/108731"}],"wp:attachment":[{"href":"https:\/\/df-nyt.dk\/blog\/wp-json\/wp\/v2\/media?parent=12379"}],"wp:term":[{"taxonomy":"category","embeddable":true,"href":"https:\/\/df-nyt.dk\/blog\/wp-json\/wp\/v2\/categories?post=12379"},{"taxonomy":"post_tag","embeddable":true,"href":"https:\/\/df-nyt.dk\/blog\/wp-json\/wp\/v2\/tags?post=12379"}],"curies":[{"name":"wp","href":"https:\/\/api.w.org\/{rel}","templated":true}]}}