{"id":12421,"date":"2010-11-24T22:22:18","date_gmt":"2010-11-24T21:22:18","guid":{"rendered":"http:\/\/df-nyt.dk\/?p=12421"},"modified":"2017-11-29T23:14:20","modified_gmt":"2017-11-29T22:14:20","slug":"50-afskediges-pa-professionsh%c3%b8jskolen-metropol","status":"publish","type":"post","link":"https:\/\/df-nyt.dk\/blog\/50-afskediges-pa-professionsh%c3%b8jskolen-metropol\/","title":{"rendered":"50 afskediges p\u00e5 Professionsh\u00f8jskolen Metropol"},"content":{"rendered":"<p><strong><a href=\"https:\/\/df-nyt.dk\/blog\/wp-content\/uploads\/241120102217.png\"><img loading=\"lazy\" decoding=\"async\" class=\"alignleft size-full wp-image-12422\" title=\"241120102217\" src=\"https:\/\/df-nyt.dk\/blog\/wp-content\/uploads\/241120102217.png\" alt=\"\" width=\"170\" height=\"187\" \/><\/a><\/strong><\/p>\n<p><strong>Mandag morgen modtog en lang r\u00e6kke medarbejdere p\u00e5 Metropol varsling om afskedigelse.<\/strong><\/p>\n<p>\u00c5rsagen til denne barske nedsk\u00e6ring skal hovedsageligt tilskrives Finanslovsforliget mellem VK-regeringen, Kristendemokraterne og Dansk Folkeparti, som p\u00e5l\u00e6gger Metropol en besparelse p\u00e5 omtrent 26 millioner kroner.<\/p>\n<p>Et vilk\u00e5r som i \u00f8vrigt ogs\u00e5 rammer en del af de \u00f8vrige professionsh\u00f8jskoler i Danmark.<\/p>\n<p><strong>St\u00e6rkt bekymrende<\/strong><br \/>\nRektor Stefan Hermann ser med alvor p\u00e5 situationen.<\/p>\n<p>\u00bbDet er st\u00e6rkt bekymrende, at regeringen har valgt ikke at bakke op om sin professionsh\u00f8jskolesektor, der uddanner til velf\u00e6rdsomr\u00e5der med stor betydning for borgerne.<\/p>\n<p>En ung og ny sektor som i \u00f8vrigt bidrager til den sociale mobilitet.<\/p>\n<p>Desv\u00e6rre betyder besparelserne i sidste ende ringere vilk\u00e5r for at kunne uddanne de jordem\u00f8dre, som er med ved f\u00f8dslen, de l\u00e6rere som er afg\u00f8rende i skolegangen, og de sygeplejersker som er der, n\u00e5r det handler om syge mennesker eller plejekr\u00e6vende \u00e6ldre, socialr\u00e5dgivere der tager sig af udsatte b\u00f8rn og unge,\u00ab siger han til<strong><a href=\"http:\/\/www.dinby.dk\/frederiksberg\/storre-sparerunde-paa-metropol\" target=\"_blank\" rel=\"noopener\"> Frederiksberg bladet<\/a><\/strong><\/p>\n<p><strong>For yderlig l\u00e6sning.<\/strong><\/p>\n<p><a href=\"http:\/\/df-nyt.dk\/?p=12323\" target=\"_blank\" rel=\"noopener\"><span style=\"text-decoration: underline;\"> <strong>Regeringen og DF forst\u00e5r godt de frustrerede elever fra professionsh\u00f8jskolerne, men kassen er tom<\/strong><\/span><\/a><\/p>\n<p>&nbsp;<br \/>\n<a href=\"http:\/\/df-nyt.dk\/?p=12416\" target=\"_blank\" rel=\"noopener\"><span style=\"text-decoration: underline;\"> <strong>3.912. familier blev sat p\u00e5 gaden i 2009.<\/strong><\/span><\/a><\/p>\n<p>&nbsp;<\/p>\n","protected":false},"excerpt":{"rendered":"<p>Mandag morgen modtog en lang r\u00e6kke medarbejdere p\u00e5 Metropol varsling om afskedigelse. \u00c5rsagen til denne barske nedsk\u00e6ring skal hovedsageligt tilskrives Finanslovsforliget mellem VK-regeringen, Kristendemokraterne og Dansk Folkeparti, som p\u00e5l\u00e6gger Metropol en besparelse p\u00e5 omtrent 26 millioner kroner. Et vilk\u00e5r som i \u00f8vrigt ogs\u00e5 rammer en del af de \u00f8vrige professionsh\u00f8jskoler i Danmark. St\u00e6rkt bekymrende Rektor [&hellip;]<\/p>\n","protected":false},"author":10,"featured_media":0,"comment_status":"open","ping_status":"closed","sticky":false,"template":"","format":"standard","meta":{"footnotes":""},"categories":[1],"tags":[],"class_list":["post-12421","post","type-post","status-publish","format-standard","hentry","category-df-nyt-dk"],"_links":{"self":[{"href":"https:\/\/df-nyt.dk\/blog\/wp-json\/wp\/v2\/posts\/12421","targetHints":{"allow":["GET"]}}],"collection":[{"href":"https:\/\/df-nyt.dk\/blog\/wp-json\/wp\/v2\/posts"}],"about":[{"href":"https:\/\/df-nyt.dk\/blog\/wp-json\/wp\/v2\/types\/post"}],"author":[{"embeddable":true,"href":"https:\/\/df-nyt.dk\/blog\/wp-json\/wp\/v2\/users\/10"}],"replies":[{"embeddable":true,"href":"https:\/\/df-nyt.dk\/blog\/wp-json\/wp\/v2\/comments?post=12421"}],"version-history":[{"count":0,"href":"https:\/\/df-nyt.dk\/blog\/wp-json\/wp\/v2\/posts\/12421\/revisions"}],"wp:attachment":[{"href":"https:\/\/df-nyt.dk\/blog\/wp-json\/wp\/v2\/media?parent=12421"}],"wp:term":[{"taxonomy":"category","embeddable":true,"href":"https:\/\/df-nyt.dk\/blog\/wp-json\/wp\/v2\/categories?post=12421"},{"taxonomy":"post_tag","embeddable":true,"href":"https:\/\/df-nyt.dk\/blog\/wp-json\/wp\/v2\/tags?post=12421"}],"curies":[{"name":"wp","href":"https:\/\/api.w.org\/{rel}","templated":true}]}}