{"id":12463,"date":"2010-11-25T22:50:59","date_gmt":"2010-11-25T21:50:59","guid":{"rendered":"http:\/\/df-nyt.dk\/?p=12463"},"modified":"2026-01-22T23:12:12","modified_gmt":"2026-01-22T22:12:12","slug":"ny-refusionsmodel-er-darlig-l%c3%b8sning","status":"publish","type":"post","link":"https:\/\/df-nyt.dk\/blog\/ny-refusionsmodel-er-darlig-l%c3%b8sning\/","title":{"rendered":"Ny refusionsmodel er D\u00c5RLIG L\u00d8SNING"},"content":{"rendered":"<p><img loading=\"lazy\" decoding=\"async\" class=\"alignleft size-full \" title=\"251120102249\" src=\"https:\/\/df-nyt.dk\/blog\/wp-content\/uploads\/2511201022491.png\" alt=\"\" width=\"203\" height=\"185\" \/><\/p>\n<p>Der er brug for, at socialr\u00e5dgiverne kan give alle grupper af ledige netop den indsats, de har brug for.<\/p>\n<p>Det l\u00f8ses ikke med et nyt refusionssystem, som favoriserer aktivering i virksomheder, lyder det fra socialr\u00e5dgivernes formand Bettina Post.<\/p>\n<p>Socialr\u00e5dgiveren den 25.11.2010<\/p>\n<p>I begyndelsen af november indgik regeringen sammen med Dansk Folkeparti, Liberal Alliance og Kristendemokraterne som et led i forhandlingerne om finansloven en ny aftale for besk\u00e6ftigelsesindsatsen.<\/p>\n<p>Aftalen indeholder en ny refusionsmodel, som holder fast i princippet om at give h\u00f8jere refusion for visse typer aktivering.<\/p>\n<p>Allerede fra \u00e5rsskiftet neds\u00e6ttes refusionen til 50 procent i aktive perioder og til 30 procent i \u00f8vrige perioder for alle grupper.<\/p>\n<p>Den h\u00f8je refusion gives kun for virksomhedsrettet aktivering og ordin\u00e6r uddannelse, mens kurser og kommunale projekter skal give den lave sats.<\/p>\n<p>Den lavere refusion betyder, at staten de n\u00e6ste fire \u00e5r vil spare godt to milliarder kroner p\u00e5 ledige og sygemeldte svarende til 525 millioner kroner om \u00e5ret.<\/p>\n<p>L\u00e6s mere under sidste nyt p\u00e5 behandlosordenligt.dk<\/p>\n<p>L\u00e6s ogs\u00e5:<\/p>\n<p><a href=\"http:\/\/df-nyt.dk\/?p=11986\">DF presser nu VK-regeringen til at indf\u00f8re slaveri <\/a><\/p>\n<p>******************************************************<\/p>\n","protected":false},"excerpt":{"rendered":"<p>Der er brug for, at socialr\u00e5dgiverne kan give alle grupper af ledige netop den indsats, de har brug for. Det l\u00f8ses ikke med et nyt refusionssystem, som favoriserer aktivering i virksomheder, lyder det fra socialr\u00e5dgivernes formand Bettina Post. Socialr\u00e5dgiveren den 25.11.2010 I begyndelsen af november indgik regeringen sammen med Dansk Folkeparti, Liberal Alliance og Kristendemokraterne [&hellip;]<\/p>\n","protected":false},"author":10,"featured_media":0,"comment_status":"open","ping_status":"closed","sticky":false,"template":"","format":"standard","meta":{"footnotes":""},"categories":[1],"tags":[],"class_list":["post-12463","post","type-post","status-publish","format-standard","hentry","category-df-nyt-dk"],"_links":{"self":[{"href":"https:\/\/df-nyt.dk\/blog\/wp-json\/wp\/v2\/posts\/12463","targetHints":{"allow":["GET"]}}],"collection":[{"href":"https:\/\/df-nyt.dk\/blog\/wp-json\/wp\/v2\/posts"}],"about":[{"href":"https:\/\/df-nyt.dk\/blog\/wp-json\/wp\/v2\/types\/post"}],"author":[{"embeddable":true,"href":"https:\/\/df-nyt.dk\/blog\/wp-json\/wp\/v2\/users\/10"}],"replies":[{"embeddable":true,"href":"https:\/\/df-nyt.dk\/blog\/wp-json\/wp\/v2\/comments?post=12463"}],"version-history":[{"count":1,"href":"https:\/\/df-nyt.dk\/blog\/wp-json\/wp\/v2\/posts\/12463\/revisions"}],"predecessor-version":[{"id":111533,"href":"https:\/\/df-nyt.dk\/blog\/wp-json\/wp\/v2\/posts\/12463\/revisions\/111533"}],"wp:attachment":[{"href":"https:\/\/df-nyt.dk\/blog\/wp-json\/wp\/v2\/media?parent=12463"}],"wp:term":[{"taxonomy":"category","embeddable":true,"href":"https:\/\/df-nyt.dk\/blog\/wp-json\/wp\/v2\/categories?post=12463"},{"taxonomy":"post_tag","embeddable":true,"href":"https:\/\/df-nyt.dk\/blog\/wp-json\/wp\/v2\/tags?post=12463"}],"curies":[{"name":"wp","href":"https:\/\/api.w.org\/{rel}","templated":true}]}}