{"id":12479,"date":"2010-11-26T15:15:20","date_gmt":"2010-11-26T14:15:20","guid":{"rendered":"http:\/\/df-nyt.dk\/?p=12479"},"modified":"2017-03-10T17:54:38","modified_gmt":"2017-03-10T16:54:38","slug":"en-historie-fra-virkeligheden-margrethe-vestager","status":"publish","type":"post","link":"https:\/\/df-nyt.dk\/blog\/en-historie-fra-virkeligheden-margrethe-vestager\/","title":{"rendered":"En historie fra virkeligheden"},"content":{"rendered":"<p><strong>Mit ugebrev i denne uge er lidt anderledes, end det plejer at v\u00e6re.<\/strong><\/p>\n<p>Skriver de Radikale i en pressemeddelse \u00a0&#8211;\u00a0Og forts\u00e6tter med f\u00f8lgende.<\/p>\n<p><strong>Tine, som bor i Odense, har skrevet det. Jeg har valgt at bruge hendes beretning som et eksempel p\u00e5 de mange tusinde danskere, hvis \u00e6gtef\u00e6lle kommer fra et andet land. <\/strong><\/p>\n<p><strong>De er dybt ber\u00f8rt af regeringen og Dansk Folkepartis indgreb i forholdet mellem to mennesker i et \u00e6gteskab.<\/strong><\/p>\n<p>Hermed en historie fra virkeligheden:<\/p>\n<p><strong>K\u00e6re Danmark &#8211; m\u00e5 min datter f\u00e5 et stykke citronm\u00e5ne?<br \/>\n<\/strong>Jeg er dansk. Jeg er f\u00f8dt og opvokset her, har etnisk danske for\u00e6ldre samt har en kandidatgrad fra et af vores universiteter (godt nok ikke et af verdens 20 bedste, for det findes jo ikke i Danmark).Jeg har et godt job, betaler min skat og har i det hele taget ikke givet det danske samfund problemer. eller har jeg?<\/p>\n<p>For jeg har jo beg\u00e5et den forbrydelse at forelske mig i en udl\u00e6nding.<\/p>\n<p>Det er godt nok 10 \u00e5r siden og f\u00f8r reglerne i Danmark blev s\u00e5 utroligt elit\u00e6re, at de f\u00e6rreste danskere opfylder dem.<\/p>\n<p>Men burde jeg m\u00e5ske allerede dengang have forudset at min mand ville blive mindre og mindre velkommen i Danmark?<\/p>\n<p>Min dejlige dejlige mand har en universitetsgrad fra hans hjemland og yderligere en cand. merc., som han har taget her i Danmark.<\/p>\n<p>Han taler flydende dansk og har best\u00e5et flere danskpr\u00f8ver end Dansk Folkeparti kr\u00e6ver.<\/p>\n<p>Han taler ligeledes engelsk p\u00e5 forretningsniveau og har lavet meget frivilligt arbejde p\u00e5 universitetet b\u00e5de i personaleafdelingen og for en studenterorganisation.<\/p>\n<p>Vi har boet i Danmark i syv \u00e5r, har k\u00f8bt hus her og har en lille datter.<\/p>\n<p>Vi har altid fors\u00f8rget os selv og aldrig bedt om noget, men min mand kan ikke f\u00e5 permanent opholdstilladelse, fordi han ikke pt. har et job.<\/p>\n<p>Han er blevet f\u00e6rdig med sit studie lige midt i krisen, og som udl\u00e6nding st\u00e5r man alts\u00e5 bagerst i k\u00f8en, n\u00e5r det g\u00e6lder de f\u00e5 jobs, der er i Danmark lige nu. Praktikpladser og job med l\u00f8ntilskud som hans selv har skaffet, t\u00e6ller ikke med p\u00e5 pointtavlen.<\/p>\n<p>Hvordan kan man mene, at et pointsystem er et pointsystem, n\u00e5r man faktisk skal have 100 ud af 100 rigtige?<\/p>\n<p>S\u00e5 er det da bare en liste af krav.<\/p>\n<p>Her refererer jeg ikke til det nye system for familiesammenf\u00f8ring, men kravene for at opn\u00e5 en permanent opholdstilladelse.<\/p>\n<p>Og nu med det nye pointsystem for de stakler, som vover at forelske sig i en udl\u00e6nding i dag har regeringen s\u00e5 igen \u00e6ndret udl\u00e6ndingeloven &#8211; for 18. gang.<\/p>\n<p>K\u00e6re Dansk Folkeparti &#8211; kan det virkelig v\u00e6re meningen, at vi i fremtiden skal afgive en blodpr\u00f8ve, der kan bevise, at vi er etniske danskere, f\u00f8r vi m\u00e5 f\u00e5 et stykke citronm\u00e5ne?<\/p>\n<p>M\u00e5 min datter s\u00e5 ikke f\u00e5 noget, da hun er halvt bolivianer?<\/p>\n<p>Det sjove er jo, at min mand faktisk er liberal af overbevisning, men man kan jo ikke stemme for en regering, som bare helst vil v\u00e6re fri for en hurtigst muligt.<\/p>\n<p>S\u00e5 jeg er bange. Bange for at jeg meget snart v\u00e5gner op og finder ud af, at jeg faktisk bor i vestens mest navlebeskuende og lukkede land som ingen fremtid har i et internationalt samfund.<\/p>\n<p>Jeg er forarget over, at min datter vokser op i et Danmark, hvor hendes far aldrig bliver velkommen, og hvor hendes uddannelse i bedste fald bliver middelm\u00e5dig, fordi ingen har lyst til at undervise, hvor man ikke f\u00f8ler sig velkommen.<\/p>\n<p>Vi danskere sover videre p\u00e5 puden uden at indse, at vi ikke h\u00f8rer til de bedst uddannede i verden.<\/p>\n<p>N\u00e5r Maersk og Vestas ikke l\u00e6ngere kan f\u00e5 kvalificeret arbejdskraft i Danmark, ja s\u00e5 flytter de deres aktiviteter ud sammen med en lang r\u00e6kke andre virksomheder for at undg\u00e5 at miste konkurrenceevne. Det er allerede begyndt.<\/p>\n<p>Vi overvejer meget st\u00e6rkt at flytte, men familie betyder meget for os, s\u00e5 vi vil da helst blive.<\/p>\n<p>S\u00e5 l\u00f8sningen m\u00e5 v\u00e6re at g\u00e5 ind i politik og melde klart ud:<\/p>\n<p>Jeg har nu meldt mig ind i Radikale, for jeg stoler ogs\u00e5 p\u00e5 udl\u00e6ndinge!<\/p>\n<p>Ovenst\u00e5ende er et uddrag af Tines beretning.<\/p>\n<p>Venlig hilsen<br \/>\n<em>Margrethe Vestager<\/em><br \/>\n<a href=\"https:\/\/www.radikale.dk\/\" target=\"_blank\">www.radikale.dk<\/a><\/p>\n","protected":false},"excerpt":{"rendered":"<p>Mit ugebrev i denne uge er lidt anderledes, end det plejer at v\u00e6re. Skriver de Radikale i en pressemeddelse \u00a0&#8211;\u00a0Og forts\u00e6tter med f\u00f8lgende. Tine, som bor i Odense, har skrevet det. Jeg har valgt at bruge hendes beretning som et eksempel p\u00e5 de mange tusinde danskere, hvis \u00e6gtef\u00e6lle kommer fra et andet land. De er [&hellip;]<\/p>\n","protected":false},"author":10,"featured_media":0,"comment_status":"open","ping_status":"closed","sticky":false,"template":"","format":"standard","meta":{"footnotes":""},"categories":[1],"tags":[],"class_list":["post-12479","post","type-post","status-publish","format-standard","hentry","category-df-nyt-dk"],"_links":{"self":[{"href":"https:\/\/df-nyt.dk\/blog\/wp-json\/wp\/v2\/posts\/12479","targetHints":{"allow":["GET"]}}],"collection":[{"href":"https:\/\/df-nyt.dk\/blog\/wp-json\/wp\/v2\/posts"}],"about":[{"href":"https:\/\/df-nyt.dk\/blog\/wp-json\/wp\/v2\/types\/post"}],"author":[{"embeddable":true,"href":"https:\/\/df-nyt.dk\/blog\/wp-json\/wp\/v2\/users\/10"}],"replies":[{"embeddable":true,"href":"https:\/\/df-nyt.dk\/blog\/wp-json\/wp\/v2\/comments?post=12479"}],"version-history":[{"count":0,"href":"https:\/\/df-nyt.dk\/blog\/wp-json\/wp\/v2\/posts\/12479\/revisions"}],"wp:attachment":[{"href":"https:\/\/df-nyt.dk\/blog\/wp-json\/wp\/v2\/media?parent=12479"}],"wp:term":[{"taxonomy":"category","embeddable":true,"href":"https:\/\/df-nyt.dk\/blog\/wp-json\/wp\/v2\/categories?post=12479"},{"taxonomy":"post_tag","embeddable":true,"href":"https:\/\/df-nyt.dk\/blog\/wp-json\/wp\/v2\/tags?post=12479"}],"curies":[{"name":"wp","href":"https:\/\/api.w.org\/{rel}","templated":true}]}}