{"id":12623,"date":"2010-11-29T14:21:16","date_gmt":"2010-11-29T13:21:16","guid":{"rendered":"http:\/\/df-nyt.dk\/?p=12623"},"modified":"2024-11-25T22:56:40","modified_gmt":"2024-11-25T21:56:40","slug":"kampagne-dansk-l%c3%b8n-pa-danske-arbejdspladser","status":"publish","type":"post","link":"https:\/\/df-nyt.dk\/blog\/kampagne-dansk-l%c3%b8n-pa-danske-arbejdspladser\/","title":{"rendered":"Kampagne: Dansk l\u00f8n p\u00e5 danske arbejdspladser"},"content":{"rendered":"<p><img loading=\"lazy\" decoding=\"async\" class=\"alignleft  \" title=\"291120101416\" src=\"https:\/\/df-nyt.dk\/\/wp-content\/uploads\/291120101416.png\" alt=\"\" width=\"281\" height=\"187\" \/><br \/>\nN\u00e5r udenlandske l\u00f8narbejdere kommer til Danmark og arbejder, skal det foreg\u00e5 p\u00e5 danske l\u00f8n- og arbejdsvilk\u00e5r!<\/p>\n<p>Det er ikke i orden, at arbejdsgivere spekulerer i underbetalt udenlandsk arbejdskraft.<\/p>\n<p>Det er danske h\u00e5ndv\u00e6rkere, der betaler prisen, n\u00e5r udenlandske l\u00f8nmodtagere arbejder uden overenskomst til 60 kr. i timen. Skriver SF i sin pressemeddelelse <\/p>\n<p>-Og forts\u00e6tter<br \/>\nSF vil bek\u00e6mpe unfair konkurrence og sikre, at alle, der arbejder i Danmark, arbejder p\u00e5 lige vilk\u00e5r.<\/p>\n<p>I dag indleder Emilie en kampagne mod unfair konkurrence p\u00e5 danske arbejdspladser.<br \/>\nEmilie skal bl.a. ud og se p\u00e5 forholdene for ansatte i juletr\u00e6sbranchen, hvor der er l\u00f8nninger helt ned til 40-50 kr. timen og arbejdsdage p\u00e5 10 timer. En tur rundt til byggepladser i K\u00f8benhavn for at se n\u00e6rmere p\u00e5 arbejdsforholdene er ogs\u00e5 en del af kampagnen.<\/p>\n<p>For yderlig l\u00e6sning<\/p>\n<p><a href=\"http:\/\/sf.dk\/\" target=\"_blank\" rel=\"noopener noreferrer\"><u>Se seneste nyt fra SF her<\/u><\/a><br \/>\n&nbsp;<br \/>\n<a href=\"https:\/\/df-nyt.dk\/?p=5881\" target=\"_blank\" rel=\"noopener noreferrer\"><span style=\"text-decoration: underline;\">Et stort flertal vedtog i sidste uge Emilie Turunens bet\u00e6nkning om arbejdsl\u00f8shed.<\/span><\/a><\/p>\n","protected":false},"excerpt":{"rendered":"<p>N\u00e5r udenlandske l\u00f8narbejdere kommer til Danmark og arbejder, skal det foreg\u00e5 p\u00e5 danske l\u00f8n- og arbejdsvilk\u00e5r! Det er ikke i orden, at arbejdsgivere spekulerer i underbetalt udenlandsk arbejdskraft. Det er danske h\u00e5ndv\u00e6rkere, der betaler prisen, n\u00e5r udenlandske l\u00f8nmodtagere arbejder uden overenskomst til 60 kr. i timen. Skriver SF i sin pressemeddelelse -Og forts\u00e6tter SF vil [&hellip;]<\/p>\n","protected":false},"author":10,"featured_media":0,"comment_status":"open","ping_status":"closed","sticky":false,"template":"","format":"standard","meta":{"footnotes":""},"categories":[1],"tags":[],"class_list":["post-12623","post","type-post","status-publish","format-standard","hentry","category-df-nyt-dk"],"_links":{"self":[{"href":"https:\/\/df-nyt.dk\/blog\/wp-json\/wp\/v2\/posts\/12623","targetHints":{"allow":["GET"]}}],"collection":[{"href":"https:\/\/df-nyt.dk\/blog\/wp-json\/wp\/v2\/posts"}],"about":[{"href":"https:\/\/df-nyt.dk\/blog\/wp-json\/wp\/v2\/types\/post"}],"author":[{"embeddable":true,"href":"https:\/\/df-nyt.dk\/blog\/wp-json\/wp\/v2\/users\/10"}],"replies":[{"embeddable":true,"href":"https:\/\/df-nyt.dk\/blog\/wp-json\/wp\/v2\/comments?post=12623"}],"version-history":[{"count":4,"href":"https:\/\/df-nyt.dk\/blog\/wp-json\/wp\/v2\/posts\/12623\/revisions"}],"predecessor-version":[{"id":107093,"href":"https:\/\/df-nyt.dk\/blog\/wp-json\/wp\/v2\/posts\/12623\/revisions\/107093"}],"wp:attachment":[{"href":"https:\/\/df-nyt.dk\/blog\/wp-json\/wp\/v2\/media?parent=12623"}],"wp:term":[{"taxonomy":"category","embeddable":true,"href":"https:\/\/df-nyt.dk\/blog\/wp-json\/wp\/v2\/categories?post=12623"},{"taxonomy":"post_tag","embeddable":true,"href":"https:\/\/df-nyt.dk\/blog\/wp-json\/wp\/v2\/tags?post=12623"}],"curies":[{"name":"wp","href":"https:\/\/api.w.org\/{rel}","templated":true}]}}