{"id":12662,"date":"2010-11-30T08:34:29","date_gmt":"2010-11-30T07:34:29","guid":{"rendered":"http:\/\/df-nyt.dk\/?p=12662"},"modified":"2025-07-07T16:38:14","modified_gmt":"2025-07-07T14:38:14","slug":"enfoldighedens-skrivestue-netavisen-180grader-er-pa-roven","status":"publish","type":"post","link":"https:\/\/df-nyt.dk\/blog\/enfoldighedens-skrivestue-netavisen-180grader-er-pa-roven\/","title":{"rendered":"Enfoldighedens skrivestue &#8216;netavisen 180grader&#8217; p\u00e5 r\u00f8ven"},"content":{"rendered":"<p><img loading=\"lazy\" decoding=\"async\" class=\"alignleft size-full \" title=\"301120100828\" src=\"https:\/\/df-nyt.dk\/blog\/wp-content\/uploads\/301120100828.png\" alt=\"\" width=\"241\" height=\"201\" \/>Nu vil de s\u00e6lge abonnementer for en pris p\u00e5 39 kr. pr. m\u00e5ned.<\/p>\n<p>Med f\u00f8lgende ord fors\u00f8ger de at s\u00e6lge budskabet til deres supportere: Netavisen 180Grader.dk er det borgerlige Danmarks taler\u00f8r.<br \/>\n\/\/www.180grader.dk\/Politik\/nu-kan-du-stoette-og-abonnere-paa-det-nye-og-forbedrede-180grader-dk-%E2%80%93-pris-39-kr-pr-maaned&#8221;><\/p>\n<p><em>Vi udfordrer den politiske konsensus med skarpe holdninger fra b\u00e5de redaktionen og l\u00e6serne, og mens traditionelle aviser oplever faldende oplagstal, f\u00e5r vi flere og flere l\u00e6sere.<\/em><\/p>\n<p><em>Alene i det seneste \u00e5r har vi med vores nye og unikke brugerstyrede avismodel f\u00e5et over dobbelt s\u00e5 mange bes\u00f8gende.<\/em><\/p>\n<p><em>Abonnementsindt\u00e6gterne vil hj\u00e6lpe os til at udvide de journalistiske ressourcer.<\/em><\/p>\n<p><em>180Grader.dk modtager ikke st\u00f8tte fra det offentlige, som de fleste andre medier, men er 100 pct. privat finansieret.&#8217;<\/em><\/p>\n<p>Den &#8216;skarpe&#8217; holdning g\u00e5r i stor udstr\u00e6kning ud p\u00e5 at bes\u00f8gende p\u00e5 netstedet, nedstemmer dem de er uenige med, &#8211; uden selv at argumentere for egne synspunkter.<\/p>\n<p>Privatisering og privat finansiering &#8211; liberale mantra som \u00e5benbart kan fraviges &#8211; n\u00e5r det g\u00e6lder om at fylde egne lommer.<\/p>\n<p>M\u00e5 jeg foresl\u00e5 et navneskift p\u00e5 netavisen, fra 180grader &#8211; til 1,80 promille.<\/p>\n<p>Det ville i langt h\u00f8jere grad passe til det brugerstyret &#8216;spiser\u00f8r&#8217;, &#8211; som de i dagens anledning har forl\u00e6nget med en tragt &#8211; s\u00e5 de ikke spilder p\u00e5 hagesm\u00e6kken.<\/p>\n<p>Reference: Den omtalte<br \/>\n\/\/www.180grader.dk\/Politik\/nu-kan-du-stoette-og-abonnere-paa-det-nye-og-forbedrede-180grader-dk-%E2%80%93-pris-39-kr-pr-maaned&#8221;> netavis<\/p>\n<p>L\u00e6s mere fra den liberale netavis <a href=\"http:\/\/df-nyt.dk\/?p=12048\" target=\"_blank\" rel=\"noopener\">DER<\/a><br \/>\n&nbsp;<\/p>\n","protected":false},"excerpt":{"rendered":"<p>Nu vil de s\u00e6lge abonnementer for en pris p\u00e5 39 kr. pr. m\u00e5ned. Med f\u00f8lgende ord fors\u00f8ger de at s\u00e6lge budskabet til deres supportere: Netavisen 180Grader.dk er det borgerlige Danmarks taler\u00f8r. \/\/www.180grader.dk\/Politik\/nu-kan-du-stoette-og-abonnere-paa-det-nye-og-forbedrede-180grader-dk-%E2%80%93-pris-39-kr-pr-maaned&#8221;> Vi udfordrer den politiske konsensus med skarpe holdninger fra b\u00e5de redaktionen og l\u00e6serne, og mens traditionelle aviser oplever faldende oplagstal, f\u00e5r vi flere [&hellip;]<\/p>\n","protected":false},"author":10,"featured_media":0,"comment_status":"open","ping_status":"closed","sticky":false,"template":"","format":"standard","meta":{"footnotes":""},"categories":[1],"tags":[],"class_list":["post-12662","post","type-post","status-publish","format-standard","hentry","category-df-nyt-dk"],"_links":{"self":[{"href":"https:\/\/df-nyt.dk\/blog\/wp-json\/wp\/v2\/posts\/12662","targetHints":{"allow":["GET"]}}],"collection":[{"href":"https:\/\/df-nyt.dk\/blog\/wp-json\/wp\/v2\/posts"}],"about":[{"href":"https:\/\/df-nyt.dk\/blog\/wp-json\/wp\/v2\/types\/post"}],"author":[{"embeddable":true,"href":"https:\/\/df-nyt.dk\/blog\/wp-json\/wp\/v2\/users\/10"}],"replies":[{"embeddable":true,"href":"https:\/\/df-nyt.dk\/blog\/wp-json\/wp\/v2\/comments?post=12662"}],"version-history":[{"count":2,"href":"https:\/\/df-nyt.dk\/blog\/wp-json\/wp\/v2\/posts\/12662\/revisions"}],"predecessor-version":[{"id":108720,"href":"https:\/\/df-nyt.dk\/blog\/wp-json\/wp\/v2\/posts\/12662\/revisions\/108720"}],"wp:attachment":[{"href":"https:\/\/df-nyt.dk\/blog\/wp-json\/wp\/v2\/media?parent=12662"}],"wp:term":[{"taxonomy":"category","embeddable":true,"href":"https:\/\/df-nyt.dk\/blog\/wp-json\/wp\/v2\/categories?post=12662"},{"taxonomy":"post_tag","embeddable":true,"href":"https:\/\/df-nyt.dk\/blog\/wp-json\/wp\/v2\/tags?post=12662"}],"curies":[{"name":"wp","href":"https:\/\/api.w.org\/{rel}","templated":true}]}}