{"id":12691,"date":"2010-11-30T13:36:46","date_gmt":"2010-11-30T12:36:46","guid":{"rendered":"http:\/\/df-nyt.dk\/?p=12691"},"modified":"2024-11-26T08:16:22","modified_gmt":"2024-11-26T07:16:22","slug":"sf-regeringen-pa-nyt-lavpunkt-i-behandlingen-af-udsatte-flygtninge","status":"publish","type":"post","link":"https:\/\/df-nyt.dk\/blog\/sf-regeringen-pa-nyt-lavpunkt-i-behandlingen-af-udsatte-flygtninge\/","title":{"rendered":"SF: Regeringen p\u00e5 nyt lavpunkt i behandlingen af udsatte flygtninge"},"content":{"rendered":"<p><img loading=\"lazy\" decoding=\"async\" class=\"alignleft \" src=\"https:\/\/df-nyt.dk\/wp-content\/uploads\/301120101335.png\" alt=\"\" width=\"220\" height=\"177\" \/>SF: Regeringen p\u00e5 nyt lavpunkt i behandlingen af udsatte flygtninge<br \/>\nSFs asylordf\u00f8rer Astrid Krag er forarget over regeringens forslag om, at flygtninge, der er pensionister, skal have v\u00e6sentlig ringere mulighed for at optjene ret til pension. Skriver SF i sin pressemeddelelse<\/p>\n<p>-Og forts\u00e6tter<br \/>\nDet er et nyt lavpunkt for regeringen.<br \/>\nEn lille, men ekstremt udsat gruppe, bliver ramt h\u00e5rdt, n\u00e5r de ikke engang kan f\u00e5 en ordentlig folkepension l\u00e6ngere.<\/p>\n<p>Jeg har sv\u00e6rt ved at se det som andet end chikane mod de ca. 200 mennesker om \u00e5ret, regeringens lovforslag vil ramme. SF afviser forslaget fuldst\u00e6ndigt.<\/p>\n<p>Regeringen har konkret fremsat et lovforslag om, at opholdstid i hjemlandet ikke l\u00e6ngere skal t\u00e6lle med i opt\u00e6llingen af retten til br\u00f8kpension for flygtninge.<\/p>\n<p>Br\u00f8kpension er en nedsat pension, man modtager, hvis man ikke har optjent ret til fuld folkepension i Danmark.<\/p>\n<p>Der er ikke tale om mennesker, som er taget til Danmark frivilligt, tv\u00e6rtimod.<br \/>\nMange har flygtet fra krig, tortur og umenneskelige forhold, og nu vil regeringen markant forringe deres mulighed for at f\u00e5 en ordentlig pension.<\/p>\n<p>Der er heller ikke tale om mennesker, som har stor sandsynlighed for at modtage pension fra deres hjemland. Det er et meningsl\u00f8st og umenneskeligt forslag.<\/p>\n<p>For yderlig l\u00e6sning<\/p>\n<p><a href=\"https:\/\/sf.dk\/nyheder\/\" target=\"_blank\" rel=\"noopener noreferrer\"><span style=\"text-decoration: underline;\">\/sf.dk\/seneste-nyt<\/span><\/a><\/p>\n","protected":false},"excerpt":{"rendered":"<p>SF: Regeringen p\u00e5 nyt lavpunkt i behandlingen af udsatte flygtninge SFs asylordf\u00f8rer Astrid Krag er forarget over regeringens forslag om, at flygtninge, der er pensionister, skal have v\u00e6sentlig ringere mulighed for at optjene ret til pension. Skriver SF i sin pressemeddelelse -Og forts\u00e6tter Det er et nyt lavpunkt for regeringen. En lille, men ekstremt udsat [&hellip;]<\/p>\n","protected":false},"author":10,"featured_media":0,"comment_status":"open","ping_status":"closed","sticky":false,"template":"","format":"standard","meta":{"footnotes":""},"categories":[1],"tags":[],"class_list":["post-12691","post","type-post","status-publish","format-standard","hentry","category-df-nyt-dk"],"_links":{"self":[{"href":"https:\/\/df-nyt.dk\/blog\/wp-json\/wp\/v2\/posts\/12691","targetHints":{"allow":["GET"]}}],"collection":[{"href":"https:\/\/df-nyt.dk\/blog\/wp-json\/wp\/v2\/posts"}],"about":[{"href":"https:\/\/df-nyt.dk\/blog\/wp-json\/wp\/v2\/types\/post"}],"author":[{"embeddable":true,"href":"https:\/\/df-nyt.dk\/blog\/wp-json\/wp\/v2\/users\/10"}],"replies":[{"embeddable":true,"href":"https:\/\/df-nyt.dk\/blog\/wp-json\/wp\/v2\/comments?post=12691"}],"version-history":[{"count":1,"href":"https:\/\/df-nyt.dk\/blog\/wp-json\/wp\/v2\/posts\/12691\/revisions"}],"predecessor-version":[{"id":107099,"href":"https:\/\/df-nyt.dk\/blog\/wp-json\/wp\/v2\/posts\/12691\/revisions\/107099"}],"wp:attachment":[{"href":"https:\/\/df-nyt.dk\/blog\/wp-json\/wp\/v2\/media?parent=12691"}],"wp:term":[{"taxonomy":"category","embeddable":true,"href":"https:\/\/df-nyt.dk\/blog\/wp-json\/wp\/v2\/categories?post=12691"},{"taxonomy":"post_tag","embeddable":true,"href":"https:\/\/df-nyt.dk\/blog\/wp-json\/wp\/v2\/tags?post=12691"}],"curies":[{"name":"wp","href":"https:\/\/api.w.org\/{rel}","templated":true}]}}