{"id":12705,"date":"2010-12-01T10:16:48","date_gmt":"2010-12-01T09:16:48","guid":{"rendered":"http:\/\/df-nyt.dk\/?p=12705"},"modified":"2017-11-07T12:18:58","modified_gmt":"2017-11-07T11:18:58","slug":"barfoed-erkender-problem-om-hadforbrydelser","status":"publish","type":"post","link":"https:\/\/df-nyt.dk\/blog\/barfoed-erkender-problem-om-hadforbrydelser\/","title":{"rendered":"Barfoed erkender problem om hadforbrydelser"},"content":{"rendered":"<p><a href=\"https:\/\/df-nyt.dk\/blog\/wp-content\/uploads\/011220101012.png\"><img loading=\"lazy\" decoding=\"async\" class=\"alignleft size-full wp-image-12706\" title=\"011220101012\" src=\"https:\/\/df-nyt.dk\/blog\/wp-content\/uploads\/011220101012.png\" alt=\"\" width=\"276\" height=\"227\" \/><\/a><\/p>\n<p><strong>Justitsministeren indsk\u00e6rper, at anklagemyndigheden skal benytte den paragraf i straffeloven, som giver ekstra straf, n\u00e5r der er tale om hadforbrydelser.<\/strong><\/p>\n<p>Skriver SF i en pressemeddelse &#8211; Og forts\u00e6tter.<\/p>\n<p>Tiltaget kommer efter pres fra SF&#8217;s Kamal Qureshi, som gentagende gange har p\u00e5peget misforholdet mellem antallet af udf\u00f8rte hadforbrydelser og det forsvindende lille antal retssager, hvor paragraffen anvendes.<\/p>\n<p>Seneste opg\u00f8relse er fra 2007, hvor der var tale om 10 sager.<\/p>\n<p>&#8211; Jeg er ovenud tilfreds med, at der kommer mere fokus p\u00e5 det her omr\u00e5de.<\/p>\n<p>I Danmark er vi hverken gode nok til at registrere, efterforske eller retsforf\u00f8lge i den her type sager.<\/p>\n<p>Barfoeds indr\u00f8mmelse er en tiltr\u00e6ngt adventsgave til landets mindretal, men den store julegave vil v\u00e6re at forbedre registreringen og opm\u00e6rksomheden i politiet, siger SF&#8217;s ligestillingsordf\u00f8rer Kamal Qureshi.<\/p>\n<p><strong> Ros til Barfoed<\/strong><br \/>\nDa SF&#8217;s Kamal Qureshi for et \u00e5r siden bad den tidligere justitsminister Brian Mikkelsen om en kommentar til, at der i l\u00f8bet af 12 m\u00e5neder kun blev rejst 10 sager om hadforbrydelser, kaldte Brian Mikkelsen det for &#8220;en gl\u00e6delig omst\u00e6ndighed&#8221;, at der ikke var flere tilf\u00e6lde.<\/p>\n<p>&#8211; Det var en uhyre stupid kommentar fra en justitsministeren.<\/p>\n<p>Selvom den ny justitsminister ogs\u00e5 er sv\u00e6r at tr\u00e6kke til truget, s\u00e5 fornemmer jeg, at han i det mindste genkender problemerne.<\/p>\n<p>Det er da en forbedring, siger Kamal Qureshi i sin pressemeddelse.<\/p>\n<p><strong>Se flere nyheder fra SF \u2013 <a href=\"http:\/\/www.sf.dk\/\">HER <\/a><\/strong><\/p>\n<p><strong>******************** <\/strong><\/p>\n","protected":false},"excerpt":{"rendered":"<p>Justitsministeren indsk\u00e6rper, at anklagemyndigheden skal benytte den paragraf i straffeloven, som giver ekstra straf, n\u00e5r der er tale om hadforbrydelser. Skriver SF i en pressemeddelse &#8211; Og forts\u00e6tter. Tiltaget kommer efter pres fra SF&#8217;s Kamal Qureshi, som gentagende gange har p\u00e5peget misforholdet mellem antallet af udf\u00f8rte hadforbrydelser og det forsvindende lille antal retssager, hvor paragraffen [&hellip;]<\/p>\n","protected":false},"author":10,"featured_media":0,"comment_status":"open","ping_status":"closed","sticky":false,"template":"","format":"standard","meta":{"footnotes":""},"categories":[1],"tags":[],"class_list":["post-12705","post","type-post","status-publish","format-standard","hentry","category-df-nyt-dk"],"_links":{"self":[{"href":"https:\/\/df-nyt.dk\/blog\/wp-json\/wp\/v2\/posts\/12705","targetHints":{"allow":["GET"]}}],"collection":[{"href":"https:\/\/df-nyt.dk\/blog\/wp-json\/wp\/v2\/posts"}],"about":[{"href":"https:\/\/df-nyt.dk\/blog\/wp-json\/wp\/v2\/types\/post"}],"author":[{"embeddable":true,"href":"https:\/\/df-nyt.dk\/blog\/wp-json\/wp\/v2\/users\/10"}],"replies":[{"embeddable":true,"href":"https:\/\/df-nyt.dk\/blog\/wp-json\/wp\/v2\/comments?post=12705"}],"version-history":[{"count":0,"href":"https:\/\/df-nyt.dk\/blog\/wp-json\/wp\/v2\/posts\/12705\/revisions"}],"wp:attachment":[{"href":"https:\/\/df-nyt.dk\/blog\/wp-json\/wp\/v2\/media?parent=12705"}],"wp:term":[{"taxonomy":"category","embeddable":true,"href":"https:\/\/df-nyt.dk\/blog\/wp-json\/wp\/v2\/categories?post=12705"},{"taxonomy":"post_tag","embeddable":true,"href":"https:\/\/df-nyt.dk\/blog\/wp-json\/wp\/v2\/tags?post=12705"}],"curies":[{"name":"wp","href":"https:\/\/api.w.org\/{rel}","templated":true}]}}