{"id":12727,"date":"2010-12-01T16:39:04","date_gmt":"2010-12-01T15:39:04","guid":{"rendered":"http:\/\/df-nyt.dk\/?p=12727"},"modified":"2025-07-14T05:31:07","modified_gmt":"2025-07-14T03:31:07","slug":"r-nej-til-midlertidig-fortidspension-ja-til-forhandlinger","status":"publish","type":"post","link":"https:\/\/df-nyt.dk\/blog\/r-nej-til-midlertidig-fortidspension-ja-til-forhandlinger\/","title":{"rendered":"R: Nej til midlertidig f\u00f8rtidspension &#8211; ja til forhandlinger"},"content":{"rendered":"<p>Radikale Venstre er klar til forhandlingerne om en reform af f\u00f8rtidspension og fleksjob. Men partiet \u00f8nsker fra start at l\u00e6gge ideen om midlertidig f\u00f8rtidspension i graven. Skriver De Radikale Venstres i sin pressemeddelelse <\/p>\n<p>\u2013 og fors\u00e6tter<br \/>\nRadikale Venstres arbejdsmarkedsordf\u00f8rer, Morten \u00d8stergaard, vil hellere forebygge, at folk f\u00e5r behov for f\u00f8rtidspension, frem for at tage f\u00f8rtidspensionen fra dem, som har f\u00e5et den.<\/p>\n<p>&#8220;Vi er glade for, at regeringen nu endelig s\u00e6tter gang i forhandlingerne om en tiltr\u00e6ngt reform af f\u00f8rtidspension og fleksjob.<\/p>\n<p>Radikale Venstre g\u00e5r efter l\u00f8sninger, som kan nedbringe antallet af nye f\u00f8rtidspensionister og skabe en mere holdbar fleksjob-model.<\/p>\n<p>Vi tror ikke p\u00e5 ideen om midlertidig f\u00f8rtidspension, fordi det skaber utryghed,&#8221; siger Morten \u00d8stergaard, Radikale Venstre arbejdsmarkedsordf\u00f8rer.<\/p>\n<p>&#8220;Det er bedre at lave et udviklingsforl\u00f8b, s\u00e5 vi undg\u00e5r at eksempelvis unge med psykiske lidelser havner p\u00e5 f\u00f8rtidspension.<\/p>\n<p>Samtidig skal vi ikke have et system, hvor f\u00f8rtidspensionister skal v\u00e6re nerv\u00f8se for at miste deres ydelse,&#8221; siger Morten \u00d8stergaard.<\/p>\n<p>Radikale Venstre er klar til at forhandle p\u00e5 baggrund af regeringens udspil, men advarer samtidig om, at diskussionen ikke starter sk\u00e6vt.<\/p>\n<p>&#8220;Hvis fokus alene bliver p\u00e5 unge under 40 \u00e5r, fordi det kan give regeringen en besparelse p\u00e5 kort sigt, starter debatten sk\u00e6vt.<\/p>\n<p>Der er gode sociale og \u00f8konomisk e grunde til at lave en reform, hvor vi \u00f8ger chancen for at komme tilbage p\u00e5 arbejdsmarkedet for folk, der midlertidigt har mistet arbejdsevnen.<\/p>\n<p>Kan vi nedbringe tilgangen til f\u00f8rtidspension ved et st\u00e6rkt udviklingsforl\u00f8b, s\u00e5 har det ogs\u00e5 en gavnlig effekt p\u00e5 samfunds\u00f8konomien, fordi folk g\u00e5r fra passiv fors\u00f8rgelse til at blive skatteydere.<\/p>\n<p>Det b\u00f8r v\u00e6re fokus for forhandlingerne &#8211; ikke regeringens aktuelle lommesmerter,&#8221; siger Morten \u00d8stergaard. If\u00f8lge en pressemeddelelsen fra det Radikale Venstre.<br \/>\n\/\/www.radikale.dk\/  L\u00e6s flere nyheder fra det Radikale Venstre p\u00e5 deres hjemmeside<\/p>\n","protected":false},"excerpt":{"rendered":"<p>Radikale Venstre er klar til forhandlingerne om en reform af f\u00f8rtidspension og fleksjob. Men partiet \u00f8nsker fra start at l\u00e6gge ideen om midlertidig f\u00f8rtidspension i graven. Skriver De Radikale Venstres i sin pressemeddelelse \u2013 og fors\u00e6tter Radikale Venstres arbejdsmarkedsordf\u00f8rer, Morten \u00d8stergaard, vil hellere forebygge, at folk f\u00e5r behov for f\u00f8rtidspension, frem for at tage f\u00f8rtidspensionen [&hellip;]<\/p>\n","protected":false},"author":10,"featured_media":0,"comment_status":"open","ping_status":"closed","sticky":false,"template":"","format":"standard","meta":{"footnotes":""},"categories":[1],"tags":[],"class_list":["post-12727","post","type-post","status-publish","format-standard","hentry","category-df-nyt-dk"],"_links":{"self":[{"href":"https:\/\/df-nyt.dk\/blog\/wp-json\/wp\/v2\/posts\/12727","targetHints":{"allow":["GET"]}}],"collection":[{"href":"https:\/\/df-nyt.dk\/blog\/wp-json\/wp\/v2\/posts"}],"about":[{"href":"https:\/\/df-nyt.dk\/blog\/wp-json\/wp\/v2\/types\/post"}],"author":[{"embeddable":true,"href":"https:\/\/df-nyt.dk\/blog\/wp-json\/wp\/v2\/users\/10"}],"replies":[{"embeddable":true,"href":"https:\/\/df-nyt.dk\/blog\/wp-json\/wp\/v2\/comments?post=12727"}],"version-history":[{"count":3,"href":"https:\/\/df-nyt.dk\/blog\/wp-json\/wp\/v2\/posts\/12727\/revisions"}],"predecessor-version":[{"id":109019,"href":"https:\/\/df-nyt.dk\/blog\/wp-json\/wp\/v2\/posts\/12727\/revisions\/109019"}],"wp:attachment":[{"href":"https:\/\/df-nyt.dk\/blog\/wp-json\/wp\/v2\/media?parent=12727"}],"wp:term":[{"taxonomy":"category","embeddable":true,"href":"https:\/\/df-nyt.dk\/blog\/wp-json\/wp\/v2\/categories?post=12727"},{"taxonomy":"post_tag","embeddable":true,"href":"https:\/\/df-nyt.dk\/blog\/wp-json\/wp\/v2\/tags?post=12727"}],"curies":[{"name":"wp","href":"https:\/\/api.w.org\/{rel}","templated":true}]}}