{"id":12739,"date":"2010-12-01T21:20:08","date_gmt":"2010-12-01T20:20:08","guid":{"rendered":"http:\/\/df-nyt.dk\/?p=12739"},"modified":"2025-07-22T13:27:25","modified_gmt":"2025-07-22T11:27:25","slug":"om-loegnehistorier-og-falske-opdigtende-oplysninger","status":"publish","type":"post","link":"https:\/\/df-nyt.dk\/blog\/om-loegnehistorier-og-falske-opdigtende-oplysninger\/","title":{"rendered":"Om l\u00f8gnehistorier og falske opdigtende oplysninger"},"content":{"rendered":"<p><img loading=\"lazy\" decoding=\"async\" class=\"alignleft \" title=\"011220102126\" src=\"https:\/\/df-nyt.dk\/\/wp-content\/uploads\/011220102126.png\" alt=\"\" width=\"140\" height=\"140\" \/><br \/>\nGunnar Kanstrup (Snubi):  Godt der bliver taget h\u00e5nd om Margrethe S Hansens l\u00f8gnehistorier og falske opdigtende oplysninger &#8211;<br \/>\nS\u00e5ledes skriver Gunnar Kanstrup p\u00e5 webportalen Facebook.<br \/>\nOg s\u00e5 var det bare jeg ville sige, &#8211; man skal v\u00e6re meget forsigtig med at kalde andre mennesker for l\u00f8gnere m.v. &#8211; n\u00e5r det kniber med dokumentationen.<\/p>\n<p>Det kunne jo v\u00e6re at man tog fejl.<br \/>\nLad os se p\u00e5, hvad det er der har v\u00e6ret gang i.<\/p>\n<p><img loading=\"lazy\" decoding=\"async\" class=\"size-full  alignnone\" title=\"011220101808\" src=\"https:\/\/df-nyt.dk\/\/wp-content\/uploads\/011220101808.png\" alt=\"\" width=\"485\" height=\"713\" \/><\/p>\n<p>Gunnar, anser tilsyneladende Andres Gravers for at v\u00e6re trov\u00e6rdig, hvilket langt fra er tilf\u00e6ldet.<\/p>\n<p>Og &#8211; Det falder mig noget sv\u00e6rt at forst\u00e5, at Gunnar ikke modererer sig en smule n\u00e5r man tager i betragtning af, at han har haft nogle problemer med blodpropper i hjernen.<\/p>\n<p><img loading=\"lazy\" decoding=\"async\" class=\"alignnone size-full \" title=\"011220101844\" src=\"https:\/\/df-nyt.dk\/\/wp-content\/uploads\/011220101844.png\" alt=\"\" width=\"373\" height=\"62\" \/><\/p>\n<p>Herover et screendump fra webportalen FaceBook<\/p>\n<p><img loading=\"lazy\" decoding=\"async\" class=\"aligncenter size-full \" title=\"170820112155\" src=\"https:\/\/df-nyt.dk\/\/wp-content\/uploads\/170820112155.png\" alt=\"\" width=\"720\" height=\"241\" \/><\/p>\n<p>Herover ses et screendump fra Gunnar Kanstrups pr\u00e6sentations hjemmeside<\/p>\n<p>Det er faktisk sj\u00e6ldent set, at det i sig selv betyder, at man bliver mere begavet. Men jeg kan naturligvis tage fejl.<\/p>\n<p>Harald Jensen truer med retssag, langvarig fattigdom, samt f\u00f8rere sig frem med p\u00e5stande.<\/p>\n<p>[kaltura-widget uiconfid=&#8221;535&#8243; entryid=&#8221;1_p4wnkzq6&#8243; width=&#8221;400&#8243; height=&#8221;330&#8243; addpermission=&#8221;&#8221; editpermission=&#8221;&#8221; \/]<\/p>\n<p>Jeg mener at ovenst\u00e5ende video rokker ved Haralds d\u00f8mmekraft.<br \/>\nOg &#8211; jeg er af den opfattelse, at bakker man Anders Gravers op, s\u00e5 falder det tilbage p\u00e5 en selv.<\/p>\n<p>Du kan l\u00e6se mere HER<\/p>\n<p>Se det omtalte indl\u00e6g &#8211; <a href=\"https:\/\/p77.dk\/samfund-mennesker\/55-samfund\/347-danske-soldater-hjem-til-krig-mod-islam\">p\u00e5 Netavisen P77.dk &#8211; HER<\/a><\/p>\n<p>&#8211; <a href=\"https:\/\/df-nyt.dk\/?p=13525\">Se byrettens dom &#8211; HER<\/a><br \/>\nL\u00e6s om webportalen \/ FaceBook-gruppen \u2018Krigsveteraner &amp; p\u00e5r\u00f8rende\u2019<\/p>\n<p>*******************<br \/>\nOpdateret herunder. med &#8216;kedelig-mand&#8217;. (Se kommentarer)<br \/>\n<img loading=\"lazy\" decoding=\"async\" class=\"size-medium  alignnone\" title=\"211220102343\" src=\"https:\/\/df-nyt.dk\/\/wp-content\/uploads\/211220102343.png\" alt=\"\" width=\"400\" height=\"285\" \/><\/p>\n<p>Billedet herover er fra webportalen, FaceBook den 21,12,2010 kl. 23.30.<br \/>\n&#8230;&#8230;&#8230;&#8230;&#8230;&#8230;&#8230;&#8230;&#8230;..<br \/>\nOpdateret 24,12,2010 kl.11.00 &#8211; Fra kommentarfeltet<br \/>\n<img loading=\"lazy\" decoding=\"async\" class=\"alignnone size-full \" title=\"241220101050\" src=\"https:\/\/df-nyt.dk\/\/wp-content\/uploads\/241220101050.png\" alt=\"\" width=\"453\" height=\"262\" \/><\/p>\n<p>Svar: Jo, og det har du f\u00e5et. &#8211; Gl\u00e6delig Jul.<br \/>\n******************************************************<\/p>\n<p>Opdateret den 23,12,2010. kl 15.57.<br \/>\nLars Christensen kalder sig for landsformand for en forening ved navn &#8216;Krigsveteraner &amp; p\u00e5r\u00f8rende\u2019<\/p>\n<p>Herunder i kommentarfeltet, kan du se med hvilken seri\u00f8sitet han har t\u00e6nkt sig at forvalte sin status.<\/p>\n<p>&#8216;Ynkelig&#8217; er vist det rette ord.<br \/>\nMan f\u00e5r helt lyst til at gi ham en pakke tudekiks.<br \/>\nEnhver kan i kommentarfeltet se hvordan han repr\u00e6senterer foreningen.<br \/>\n*********************************************************************<br \/>\n<img loading=\"lazy\" decoding=\"async\" class=\"aligncenter size-full \" title=\"251220102006\" src=\"https:\/\/df-nyt.dk\/\/wp-content\/uploads\/251220102006.png\" alt=\"\" width=\"450\" height=\"253\" \/><br \/>\n*********************************************************<\/p>\n","protected":false},"excerpt":{"rendered":"<p>Gunnar Kanstrup (Snubi): Godt der bliver taget h\u00e5nd om Margrethe S Hansens l\u00f8gnehistorier og falske opdigtende oplysninger &#8211; S\u00e5ledes skriver Gunnar Kanstrup p\u00e5 webportalen Facebook. Og s\u00e5 var det bare jeg ville sige, &#8211; man skal v\u00e6re meget forsigtig med at kalde andre mennesker for l\u00f8gnere m.v. &#8211; n\u00e5r det kniber med dokumentationen. Det kunne [&hellip;]<\/p>\n","protected":false},"author":10,"featured_media":0,"comment_status":"open","ping_status":"closed","sticky":false,"template":"","format":"standard","meta":{"footnotes":""},"categories":[1],"tags":[],"class_list":["post-12739","post","type-post","status-publish","format-standard","hentry","category-df-nyt-dk"],"_links":{"self":[{"href":"https:\/\/df-nyt.dk\/blog\/wp-json\/wp\/v2\/posts\/12739","targetHints":{"allow":["GET"]}}],"collection":[{"href":"https:\/\/df-nyt.dk\/blog\/wp-json\/wp\/v2\/posts"}],"about":[{"href":"https:\/\/df-nyt.dk\/blog\/wp-json\/wp\/v2\/types\/post"}],"author":[{"embeddable":true,"href":"https:\/\/df-nyt.dk\/blog\/wp-json\/wp\/v2\/users\/10"}],"replies":[{"embeddable":true,"href":"https:\/\/df-nyt.dk\/blog\/wp-json\/wp\/v2\/comments?post=12739"}],"version-history":[{"count":7,"href":"https:\/\/df-nyt.dk\/blog\/wp-json\/wp\/v2\/posts\/12739\/revisions"}],"predecessor-version":[{"id":109262,"href":"https:\/\/df-nyt.dk\/blog\/wp-json\/wp\/v2\/posts\/12739\/revisions\/109262"}],"wp:attachment":[{"href":"https:\/\/df-nyt.dk\/blog\/wp-json\/wp\/v2\/media?parent=12739"}],"wp:term":[{"taxonomy":"category","embeddable":true,"href":"https:\/\/df-nyt.dk\/blog\/wp-json\/wp\/v2\/categories?post=12739"},{"taxonomy":"post_tag","embeddable":true,"href":"https:\/\/df-nyt.dk\/blog\/wp-json\/wp\/v2\/tags?post=12739"}],"curies":[{"name":"wp","href":"https:\/\/api.w.org\/{rel}","templated":true}]}}