{"id":12771,"date":"2010-12-02T15:57:38","date_gmt":"2010-12-02T14:57:38","guid":{"rendered":"http:\/\/df-nyt.dk\/?p=12771"},"modified":"2018-03-03T20:07:41","modified_gmt":"2018-03-03T19:07:41","slug":"arbejdsl%c3%b8sheden-stiger-fortsat","status":"publish","type":"post","link":"https:\/\/df-nyt.dk\/blog\/arbejdsl%c3%b8sheden-stiger-fortsat\/","title":{"rendered":"Arbejdsl\u00f8sheden stiger fortsat"},"content":{"rendered":"<p><a href=\"https:\/\/df-nyt.dk\/blog\/wp-content\/uploads\/0107201015361.png\"><img loading=\"lazy\" decoding=\"async\" class=\"aligncenter size-full wp-image-45653\" src=\"https:\/\/df-nyt.dk\/blog\/wp-content\/uploads\/0107201015361.png\" alt=\"010720101536\" width=\"376\" height=\"188\" \/><\/a><img loading=\"lazy\" decoding=\"async\" class=\"aligncenter size-full wp-image-12772\" title=\"021220101506\" src=\"https:\/\/df-nyt.dk\/blog\/wp-content\/uploads\/021220101506.png\" alt=\"\" width=\"360\" height=\"322\" \/><\/p>\n<p><strong>Og formentlig forts\u00e6tter den med at stige resten af \u00e5ret,<\/strong><\/p>\n<p>Det kan for eksempel n\u00e6vnes, at der p\u00e5 arbejdsformidlingens hjemmeside (<a href=\"http:\/\/df-nyt.dk\/?page_id=4727\">tjek det her<\/a>) &#8211;<\/p>\n<p>Den 05,11,2010. var registeret 204.495 aktive CV\u2019er.<\/p>\n<p>Den 02,12,2010. kan jeg konstatere, der ligger 208.330 CV\u2019er.<\/p>\n<p>En stigning p\u00e5 3.835 aktive CV&#8217;er &#8211; p\u00e5 mindre end en m\u00e5ned.<\/p>\n<p>Det er s\u00e5dan-cirka-n\u00e6sten en tredobling af stigningen, i forhold til stigningen p\u00e5 de 1.200 i oktober m\u00e5ned.<\/p>\n<p>Men ogs\u00e5 en retvisende indikation p\u00e5, hvilken udvikling arbejdsl\u00f8sheden er inde i.<\/p>\n<p>At stigningen ikke har n\u00e5et nyhedsmedier som fx. TV2 teks-tv forstyrre ikke et samlet billed.<br \/>\nSom det ses, s\u00e5 referere tv2 fra en statistik over oktober m\u00e5neds tal.<\/p>\n<p>Arbejdsformidlingens Cv opg\u00f8relse er fra november, og kan derfor muligvis tegne et forventet billede af en kommende statistik p\u00e5 tv2&#8217;s tekst tv.<\/p>\n<p>Forskellen fra de 170,300 som tv2 n\u00e6vner &#8211; og til de 204.495 aktive CV&#8217;er den 5,11 kan skyldtes den metode man opg\u00f8re statistikken efter samt, at der ganske givet kan v\u00e6re f\u00e5 aktive CV&#8217;er som ikke er frameldt, selv om de burde v\u00e6re det.<\/p>\n<p><strong>For yderlig l\u00e6sning.<\/strong><\/p>\n<p><a href=\"http:\/\/df-nyt.dk\/?page_id=4727\"><span style=\"text-decoration: underline;\"><strong>SE Jobbanken &#8230; HER<\/strong><\/span><\/a><\/p>\n<p>&nbsp;<br \/>\n<a href=\"http:\/\/df-nyt.dk\/?p=12495\"><span style=\"text-decoration: underline;\"><strong>Firma med flere kasketter hyret af Jobcenter<\/strong><\/span><\/a><\/p>\n<p>&nbsp;<\/p>\n","protected":false},"excerpt":{"rendered":"<p>Og formentlig forts\u00e6tter den med at stige resten af \u00e5ret, Det kan for eksempel n\u00e6vnes, at der p\u00e5 arbejdsformidlingens hjemmeside (tjek det her) &#8211; Den 05,11,2010. var registeret 204.495 aktive CV\u2019er. Den 02,12,2010. kan jeg konstatere, der ligger 208.330 CV\u2019er. En stigning p\u00e5 3.835 aktive CV&#8217;er &#8211; p\u00e5 mindre end en m\u00e5ned. Det er s\u00e5dan-cirka-n\u00e6sten [&hellip;]<\/p>\n","protected":false},"author":10,"featured_media":0,"comment_status":"open","ping_status":"closed","sticky":false,"template":"","format":"standard","meta":{"footnotes":""},"categories":[1],"tags":[],"class_list":["post-12771","post","type-post","status-publish","format-standard","hentry","category-df-nyt-dk"],"_links":{"self":[{"href":"https:\/\/df-nyt.dk\/blog\/wp-json\/wp\/v2\/posts\/12771","targetHints":{"allow":["GET"]}}],"collection":[{"href":"https:\/\/df-nyt.dk\/blog\/wp-json\/wp\/v2\/posts"}],"about":[{"href":"https:\/\/df-nyt.dk\/blog\/wp-json\/wp\/v2\/types\/post"}],"author":[{"embeddable":true,"href":"https:\/\/df-nyt.dk\/blog\/wp-json\/wp\/v2\/users\/10"}],"replies":[{"embeddable":true,"href":"https:\/\/df-nyt.dk\/blog\/wp-json\/wp\/v2\/comments?post=12771"}],"version-history":[{"count":0,"href":"https:\/\/df-nyt.dk\/blog\/wp-json\/wp\/v2\/posts\/12771\/revisions"}],"wp:attachment":[{"href":"https:\/\/df-nyt.dk\/blog\/wp-json\/wp\/v2\/media?parent=12771"}],"wp:term":[{"taxonomy":"category","embeddable":true,"href":"https:\/\/df-nyt.dk\/blog\/wp-json\/wp\/v2\/categories?post=12771"},{"taxonomy":"post_tag","embeddable":true,"href":"https:\/\/df-nyt.dk\/blog\/wp-json\/wp\/v2\/tags?post=12771"}],"curies":[{"name":"wp","href":"https:\/\/api.w.org\/{rel}","templated":true}]}}