{"id":12789,"date":"2010-12-03T07:43:09","date_gmt":"2010-12-03T06:43:09","guid":{"rendered":"http:\/\/df-nyt.dk\/?p=12789"},"modified":"2025-07-07T16:34:26","modified_gmt":"2025-07-07T14:34:26","slug":"dansk-folkeparti-censur-i-medlemsblad","status":"publish","type":"post","link":"https:\/\/df-nyt.dk\/blog\/dansk-folkeparti-censur-i-medlemsblad\/","title":{"rendered":"Dansk Folkeparti censur i medlemsblad"},"content":{"rendered":"<p><img loading=\"lazy\" decoding=\"async\" class=\"alignleft size-full \" title=\"031220100735\" src=\"https:\/\/df-nyt.dk\/blog\/wp-content\/uploads\/031220100735.png\" alt=\"\" width=\"277\" height=\"133\" \/>Dansk Folkeparti censur i medlemsblad<br \/>\nFolketingskandidaten Rasmus Horn Langhoff er blevet n\u00e6gtet adgang til at annoncerer i bladet.<br \/>\n\u00bbNaturligvis er de i deres gode ret til at afvise min annonce, men jeg synes bare, det viser, at de taler med flere tunger om ytringsfriheden\u00ab., siger han til dagbladet politiken.dk<br \/>\n\/\/politiken.dk:80\/politik\/ECE1129770\/df-naegter-socialdemokrat-at-annoncere-i-medlemsblad\/&#8221;<\/p>\n<p>Partiet har tidligere beklaget sig over, at de ikke m\u00e5tte indrykke annoncer i fagforeningsblade, kritiseret udsendelser i Danmarks Radio og v\u00e6ret aktiv i den svenske valgkamp for, at Sverigedemokraterne m\u00e5tte vise deres omstridte valgfilm.<\/p>\n<p>Og &#8211; Vi har ligefrem oplevet opfordringer til boykot-kampagner fra fremtr\u00e6dende medlemmer af Dansk Folkeparti &#8211; af den ene eller den anden grund.<\/p>\n<p>Alt i alt, ser man et klart billede af, &#8211; at nogle mennesker, er bedre end andre &#8211;<br \/>\nog af den grund tildeles de privilegier &#8211; som man s\u00e5 igen kan fratage dem, &#8211;<br \/>\nhvis de ikke retter ind efter en lille toneangivende &#8216;kult&#8217; i Dansk Folkeparti.<\/p>\n<p>L\u00e6s ogs\u00e5:<\/p>\n<p><a href=\"http:\/\/df-nyt.dk\/?p=9052\"><span style=\"text-decoration: underline;\">Tina Petersen: Sensur af v\u00e6rste skuffe\u2026 <\/span><\/a><br \/>\n&nbsp;<br \/>\n<a href=\"http:\/\/df-nyt.dk\/?p=9142\"><span style=\"text-decoration: underline;\">Liselott Blixt: Jeg vil hermed boykotte Dansk supermarked<\/span><\/a><br \/>\n&nbsp;<br \/>\n<a href=\"http:\/\/df-nyt.dk\/?p=9875\"><span style=\"text-decoration: underline;\">Pernille Bendixen: Klage til dansk supermarked <\/span><\/a><br \/>\n&nbsp;<\/p>\n","protected":false},"excerpt":{"rendered":"<p>Dansk Folkeparti censur i medlemsblad Folketingskandidaten Rasmus Horn Langhoff er blevet n\u00e6gtet adgang til at annoncerer i bladet. \u00bbNaturligvis er de i deres gode ret til at afvise min annonce, men jeg synes bare, det viser, at de taler med flere tunger om ytringsfriheden\u00ab., siger han til dagbladet politiken.dk \/\/politiken.dk:80\/politik\/ECE1129770\/df-naegter-socialdemokrat-at-annoncere-i-medlemsblad\/&#8221; Partiet har tidligere beklaget sig [&hellip;]<\/p>\n","protected":false},"author":10,"featured_media":0,"comment_status":"open","ping_status":"closed","sticky":false,"template":"","format":"standard","meta":{"footnotes":""},"categories":[1],"tags":[],"class_list":["post-12789","post","type-post","status-publish","format-standard","hentry","category-df-nyt-dk"],"_links":{"self":[{"href":"https:\/\/df-nyt.dk\/blog\/wp-json\/wp\/v2\/posts\/12789","targetHints":{"allow":["GET"]}}],"collection":[{"href":"https:\/\/df-nyt.dk\/blog\/wp-json\/wp\/v2\/posts"}],"about":[{"href":"https:\/\/df-nyt.dk\/blog\/wp-json\/wp\/v2\/types\/post"}],"author":[{"embeddable":true,"href":"https:\/\/df-nyt.dk\/blog\/wp-json\/wp\/v2\/users\/10"}],"replies":[{"embeddable":true,"href":"https:\/\/df-nyt.dk\/blog\/wp-json\/wp\/v2\/comments?post=12789"}],"version-history":[{"count":2,"href":"https:\/\/df-nyt.dk\/blog\/wp-json\/wp\/v2\/posts\/12789\/revisions"}],"predecessor-version":[{"id":108718,"href":"https:\/\/df-nyt.dk\/blog\/wp-json\/wp\/v2\/posts\/12789\/revisions\/108718"}],"wp:attachment":[{"href":"https:\/\/df-nyt.dk\/blog\/wp-json\/wp\/v2\/media?parent=12789"}],"wp:term":[{"taxonomy":"category","embeddable":true,"href":"https:\/\/df-nyt.dk\/blog\/wp-json\/wp\/v2\/categories?post=12789"},{"taxonomy":"post_tag","embeddable":true,"href":"https:\/\/df-nyt.dk\/blog\/wp-json\/wp\/v2\/tags?post=12789"}],"curies":[{"name":"wp","href":"https:\/\/api.w.org\/{rel}","templated":true}]}}