{"id":12881,"date":"2010-12-05T18:03:55","date_gmt":"2010-12-05T17:03:55","guid":{"rendered":"http:\/\/df-nyt.dk\/?p=12881"},"modified":"2025-07-12T05:03:49","modified_gmt":"2025-07-12T03:03:49","slug":"afskaffelse-af-efterl%c3%b8n-%c3%b8ger-ikke-besk%c3%a6ftigelse","status":"publish","type":"post","link":"https:\/\/df-nyt.dk\/blog\/afskaffelse-af-efterl%c3%b8n-%c3%b8ger-ikke-besk%c3%a6ftigelse\/","title":{"rendered":"Afskaffelse af efterl\u00f8n \u00f8ger IKKE besk\u00e6ftigelse"},"content":{"rendered":"<p><img loading=\"lazy\" decoding=\"async\" class=\"alignleft size-full \" title=\"051220101756\" src=\"https:\/\/df-nyt.dk\/blog\/wp-content\/uploads\/051220101756.png\" alt=\"\" width=\"281\" height=\"226\" \/><br \/>\nAfskaffelse af efterl\u00f8n \u00f8ger IKKE besk\u00e6ftigelse<br \/>\nAfskaffelse af efterl\u00f8nnen \u00f8ger nemlig IKKE pr automatik besk\u00e6ftigelsen, men i sig selv kun arbejdsudbuddet dvs. skaber flere arbejdss\u00f8gende.<\/p>\n<p>De kan kun komme i besk\u00e6ftigelse, hvis EFTERSP\u00d8RGSLEN efter arbejdskraft vokser tilsvarende.<\/p>\n<p>Men en s\u00e5dan voldsom \u00f8get eftersp\u00f8rgsel efter arbejdskraft er der i den n\u00e6rmeste \u00e5rr\u00e6kke INGEN udsigt til, fordi der i forvejen er en bruttoledighed p\u00e5 170.000 og fordi ledigheden tv\u00e6rtimod vil forblive vedvarende h\u00f8j en r\u00e6kke \u00e5r frem.<\/p>\n<p><span style=\"mso-bidi-font-style: italic;\">Vedvarende h\u00f8j ledighed en r\u00e6kke \u00e5r.<\/span><br \/>\n<span style=\"mso-bidi-font-style: italic;\">Skal eftersp\u00f8rgslen efter arbejdskraft p\u00e5 kortere sigt vokse s\u00e5 markant, at der kan opsuges et merudbud af arbejdskraft p\u00e5 over 100.000 personer, kr\u00e6ver det en tilsvarende stigning i den samfunds\u00f8konomiske eftersp\u00f8rgsel, s\u00e5 der produceres mere og dermed ans\u00e6tte flere.<\/span><\/p>\n<p><span style=\"mso-bidi-font-style: italic;\">Men en s\u00e5dan eftersp\u00f8rgselsstigning kan kun komme fra stigende eksport, stigende privat forbrug og investeringer\u00a0og\/eller stigende offentligt forbrug og investeringer. <\/span><\/p>\n<p><span style=\"mso-bidi-font-style: italic;\">Men som tingene ligger i dag tegner udviklingen ikke lyst p\u00e5 nogen af omr\u00e5derne.<\/span><\/p>\n<p>Kilde: <em>www.henrikherloevlund.dk\/artikler\/Afskaffelseefterloenintetvidundermiddel.doc<\/em><\/p>\n<p><a href=\"http:\/\/www.henrikherloevlund.dk\/\"><span style=\"text-decoration: underline;\">L\u00e6s mere p\u00e5 hjemmesiden, henrikherloevlund.dk<\/span><\/a><br \/>\n&nbsp;<br \/>\n<a href=\"http:\/\/df-nyt.dk\/?p=12771\"><span style=\"text-decoration: underline;\">L\u00e6s ogs\u00e5: Arbejdsl\u00f8sheden stiger \u2013 L\u00e6s det HER <\/span><\/a><br \/>\n&nbsp;<\/p>\n","protected":false},"excerpt":{"rendered":"<p>Afskaffelse af efterl\u00f8n \u00f8ger IKKE besk\u00e6ftigelse Afskaffelse af efterl\u00f8nnen \u00f8ger nemlig IKKE pr automatik besk\u00e6ftigelsen, men i sig selv kun arbejdsudbuddet dvs. skaber flere arbejdss\u00f8gende. De kan kun komme i besk\u00e6ftigelse, hvis EFTERSP\u00d8RGSLEN efter arbejdskraft vokser tilsvarende. Men en s\u00e5dan voldsom \u00f8get eftersp\u00f8rgsel efter arbejdskraft er der i den n\u00e6rmeste \u00e5rr\u00e6kke INGEN udsigt til, fordi [&hellip;]<\/p>\n","protected":false},"author":10,"featured_media":0,"comment_status":"open","ping_status":"closed","sticky":false,"template":"","format":"standard","meta":{"footnotes":""},"categories":[1],"tags":[],"class_list":["post-12881","post","type-post","status-publish","format-standard","hentry","category-df-nyt-dk"],"_links":{"self":[{"href":"https:\/\/df-nyt.dk\/blog\/wp-json\/wp\/v2\/posts\/12881","targetHints":{"allow":["GET"]}}],"collection":[{"href":"https:\/\/df-nyt.dk\/blog\/wp-json\/wp\/v2\/posts"}],"about":[{"href":"https:\/\/df-nyt.dk\/blog\/wp-json\/wp\/v2\/types\/post"}],"author":[{"embeddable":true,"href":"https:\/\/df-nyt.dk\/blog\/wp-json\/wp\/v2\/users\/10"}],"replies":[{"embeddable":true,"href":"https:\/\/df-nyt.dk\/blog\/wp-json\/wp\/v2\/comments?post=12881"}],"version-history":[{"count":2,"href":"https:\/\/df-nyt.dk\/blog\/wp-json\/wp\/v2\/posts\/12881\/revisions"}],"predecessor-version":[{"id":108942,"href":"https:\/\/df-nyt.dk\/blog\/wp-json\/wp\/v2\/posts\/12881\/revisions\/108942"}],"wp:attachment":[{"href":"https:\/\/df-nyt.dk\/blog\/wp-json\/wp\/v2\/media?parent=12881"}],"wp:term":[{"taxonomy":"category","embeddable":true,"href":"https:\/\/df-nyt.dk\/blog\/wp-json\/wp\/v2\/categories?post=12881"},{"taxonomy":"post_tag","embeddable":true,"href":"https:\/\/df-nyt.dk\/blog\/wp-json\/wp\/v2\/tags?post=12881"}],"curies":[{"name":"wp","href":"https:\/\/api.w.org\/{rel}","templated":true}]}}